{"id":116594,"date":"2021-05-10T18:01:46","date_gmt":"2021-05-10T22:01:46","guid":{"rendered":"https:\/\/linitiative.ca\/International\/burkina-faso-cote-divoire-mutualiser-les-efforts-pour-contrer-la-menace-terroriste\/"},"modified":"2021-05-10T18:01:46","modified_gmt":"2021-05-10T22:01:46","slug":"burkina-faso-cote-divoire-mutualiser-les-efforts-pour-contrer-la-menace-terroriste","status":"publish","type":"post","link":"https:\/\/linitiative.ca\/International\/burkina-faso-cote-divoire-mutualiser-les-efforts-pour-contrer-la-menace-terroriste\/","title":{"rendered":"Burkina Faso-C\u00f4te d\u2019Ivoire :  mutualiser les efforts pour contrer la menace terroriste"},"content":{"rendered":"<div class=\"td-post-featured-image\"><a href=\"https:\/\/www.sidwaya.info\/wp-content\/uploads\/2021\/05\/1-14.jpg\" data-caption=\"\"><img loading=\"lazy\" decoding=\"async\" width=\"595\" height=\"397\" class=\"entry-thumb td-modal-image\" src=\"https:\/\/www.sidwaya.info\/wp-content\/uploads\/2021\/05\/1-14.jpg\" srcset=\"https:\/\/www.sidwaya.info\/wp-content\/uploads\/2021\/05\/1-14.jpg 595w, https:\/\/www.sidwaya.info\/wp-content\/uploads\/2021\/05\/1-14-300x200.jpg 300w, https:\/\/www.sidwaya.info\/wp-content\/uploads\/2021\/05\/1-14-150x100.jpg 150w\" sizes=\"auto, (max-width: 595px) 100vw, 595px\" alt=\"\" title=\"1\"\/><\/a><\/div>\n<p><strong>Le Pr\u00e9sident du Faso, Roch Marc Christian Kabor\u00e9, a re\u00e7u en audience, le ministre d\u2019Etat charg\u00e9 de la D\u00e9fense de C\u00f4te d\u2019Ivoire, T\u00e9n\u00e9 Birahima Ouattara, le lundi 10 Mai 2021 \u00e0 Ouagadougou.<\/strong><\/p>\n<p>Pr\u00e9sent \u00e0 Ouagadougou depuis le 9 mai 2021 pour une visite de travail, le ministre de la D\u00e9fense de C\u00f4te d\u2019Ivoire, T\u00e9n\u00e9 Birahima Ouattara, est all\u00e9 \u00ab pr\u00e9senter ses civilit\u00e9s \u00bb au Chef de l\u2019Etat, Roch Marc Christian Kabor\u00e9. C\u2019\u00e9tait au cours d\u2019une audience, dans la matin\u00e9e du lundi 10 mai 2021 \u00e0 Ouagadougou. \u00ab Je ne peux venir en terre burkinab\u00e8 sans venir pr\u00e9senter mes civilit\u00e9s au pr\u00e9sident du Faso et lui transmettre les salutations du pr\u00e9sident Alassane Dramane Ouattara \u00bb, a-t-il confi\u00e9 \u00e0 sa sortie d\u2019audience. En plus de cette audience, le ministre ivoirien a dit avoir eu une s\u00e9ance de travail avec son homologue burkinab\u00e8, Moumina Ch\u00e9riff Sy.<\/p>\n<p>Aux dires du ministre de la D\u00e9fense burkinab\u00e8, cette rencontre a \u00e9t\u00e9 l\u2019occasion pour lui et son homologue d\u2019\u00e9changer sur le renforcement de la coop\u00e9ration s\u00e9curitaire entre les deux pays. \u00abDepuis quelques temps, nous avons des difficult\u00e9s au niveau de nos deux fronti\u00e8res du fait des tentatives d\u2019infiltration d\u2019\u00e9l\u00e9ments nuisibles appel\u00e9s groupes arm\u00e9s terroristes. Nous avons eu \u00e0 mener ensemble un certain nombre d\u2019op\u00e9rations afin de faire reculer cette adversit\u00e9. C\u2019est dans cette dynamique que nous nous trouvons aujourd\u2019hui ici \u00bb, a indiqu\u00e9 Ch\u00e9riff Sy qui s\u2019est, par ailleurs, r\u00e9joui de cette d\u00e9marche du ministre Ouattara.<\/p>\n<p>Une d\u00e9marche qui \u00e9tait n\u00e9cessaire, selon le ministre ivoirien, dans la mesure o\u00f9 la lutte contre le terrorisme ne peut pas \u00eatre men\u00e9e par un seul Etat. \u00ab Le mois dernier, la C\u00f4te d\u2019Ivoire a \u00e9t\u00e9 victime d\u2019attaque terroriste. Il y a eu des pertes en vies humaines chez nos forces de d\u00e9fense et de s\u00e9curit\u00e9. C\u2019est dire que nos deux pays ont un destin commun et il est important que nous mutualisions nos efforts afin de lutter contre ce fl\u00e9au \u00bb, a-t-il d\u00e9clar\u00e9. Pour lui, la mutualisation des efforts est d\u2019autant plus importante que les deux pays en voie de d\u00e9veloppement, ne disposent pas individuellement d\u2019assez de ressources pour faire face aux attaques terroristes. \u00ab Nous devons nous mettre ensemble pour faire en sorte que nos populations puissent vivre en paix et en s\u00e9curit\u00e9. Car, ce qui se passe en Terre d\u2019Eburnie, int\u00e9resse directement le Burkina Faso et vice versa \u00bb, a-t-il soutenu.<\/p>\n<p class=\"c1\"><strong>Nad\u00e8ge YAMEOGO<\/strong><\/p>\n<div class=\"td-a-rec td-a-rec-id-content_bottom tdi_33_9ff td_block_template_1\">\n<p><img loading=\"lazy\" decoding=\"async\" class=\"aligncenter size-full wp-image-27454\" src=\"https:\/\/www.sidwaya.info\/wp-content\/uploads\/2020\/10\/PUB-Bandeau-paiement-mobile-siteweb.jpg\" alt=\"\" width=\"728\" height=\"90\"\/><\/div>\n<p>Auteur: BM. Sidwaya<br \/>\n<a href=\"https:\/\/www.sidwaya.info\/blog\/2021\/05\/10\/burkina-faso-cote-divoire-mutualiser-les-efforts-pour-contrer-la-menace-terroriste\/\">Cliquez ici pour lire l&rsquo;article depuis sa source.<\/a><\/p>\n","protected":false},"excerpt":{"rendered":"<p>Le Pr\u00e9sident du Faso, Roch Marc Christian Kabor\u00e9, a re\u00e7u en audience, le ministre d\u2019Etat charg\u00e9 de la D\u00e9fense de C\u00f4te d\u2019Ivoire, T\u00e9n\u00e9 Birahima Ouattara, le lundi 10 Mai 2021 \u00e0 Ouagadougou. Pr\u00e9sent \u00e0 Ouagadougou depuis le 9 mai 2021 pour une visite de travail, le ministre de la D\u00e9fense de C\u00f4te d\u2019Ivoire, T\u00e9n\u00e9 Birahima [&hellip;]<\/p>\n","protected":false},"author":1816,"featured_media":0,"comment_status":"closed","ping_status":"closed","sticky":false,"template":"","format":"standard","meta":{"fifu_image_url":"https:\/\/www.sidwaya.info\/wp-content\/uploads\/2021\/05\/1-14.jpg","fifu_image_alt":"Burkina Faso-C\u00f4te d\u2019Ivoire :  mutualiser les efforts pour contrer la menace terroriste","footnotes":""},"categories":[73,81],"tags":[],"class_list":["post-116594","post","type-post","status-publish","format-standard","hentry","category-actualite","category-burkina-faso"],"_links":{"self":[{"href":"https:\/\/linitiative.ca\/International\/wp-json\/wp\/v2\/posts\/116594","targetHints":{"allow":["GET"]}}],"collection":[{"href":"https:\/\/linitiative.ca\/International\/wp-json\/wp\/v2\/posts"}],"about":[{"href":"https:\/\/linitiative.ca\/International\/wp-json\/wp\/v2\/types\/post"}],"author":[{"embeddable":true,"href":"https:\/\/linitiative.ca\/International\/wp-json\/wp\/v2\/users\/1816"}],"replies":[{"embeddable":true,"href":"https:\/\/linitiative.ca\/International\/wp-json\/wp\/v2\/comments?post=116594"}],"version-history":[{"count":0,"href":"https:\/\/linitiative.ca\/International\/wp-json\/wp\/v2\/posts\/116594\/revisions"}],"wp:attachment":[{"href":"https:\/\/linitiative.ca\/International\/wp-json\/wp\/v2\/media?parent=116594"}],"wp:term":[{"taxonomy":"category","embeddable":true,"href":"https:\/\/linitiative.ca\/International\/wp-json\/wp\/v2\/categories?post=116594"},{"taxonomy":"post_tag","embeddable":true,"href":"https:\/\/linitiative.ca\/International\/wp-json\/wp\/v2\/tags?post=116594"}],"curies":[{"name":"wp","href":"https:\/\/api.w.org\/{rel}","templated":true}]}}