{"id":116599,"date":"2021-05-11T12:18:02","date_gmt":"2021-05-11T16:18:02","guid":{"rendered":"https:\/\/linitiative.ca\/International\/plaidoyer-pour-des-etats-generaux-de-leconomie-senegalaise\/"},"modified":"2021-05-11T12:18:02","modified_gmt":"2021-05-11T16:18:02","slug":"plaidoyer-pour-des-etats-generaux-de-leconomie-senegalaise","status":"publish","type":"post","link":"https:\/\/linitiative.ca\/International\/plaidoyer-pour-des-etats-generaux-de-leconomie-senegalaise\/","title":{"rendered":"Plaidoyer pour des \u00e9tats g\u00e9n\u00e9raux de l\u2019\u00e9conomie s\u00e9n\u00e9galaise"},"content":{"rendered":"<div readability=\"32\">\n<p>Publi\u00e9 le 11.05.2021 \u00e0 17h18 par APA News<\/p>\n<\/div>\n<div readability=\"95\">\n<p>Dans un entretien avec APA, l\u2019op\u00e9rateur \u00e9conomique Moustapha Tall, pr\u00e9sident du Mouvement des industriels et commer\u00e7ants des denr\u00e9es de premi\u00e8re n\u00e9cessit\u00e9, plaide pour des \u00e9tats g\u00e9n\u00e9raux de l\u2019\u00e9conomie s\u00e9n\u00e9galaise.Pourquoi votre mouvement plaide pour la tenue d\u2019\u00e9tats g\u00e9n\u00e9raux de l\u2019\u00e9conomie nationale ?<\/p>\n<p>Nous sommes des acteurs de l\u2019\u00e9conomie s\u00e9n\u00e9galaise et avons de l\u2019exp\u00e9rience. Donc nous devons \u00eatre impliqu\u00e9s dans l\u2019\u00e9laboration des politiques \u00e9conomiques. Depuis l\u2019ind\u00e9pendance, ce sont les dirigeants qui d\u00e9finissent les politiques \u00e9conomiques du pays. Ces initiatives ont d\u2019ailleurs montr\u00e9 leurs limites.<\/p>\n<p>Or, nous savons ce qu\u2019il faut faire pour que l\u2019\u00e9conomie marche. Depuis 60 ans, c\u2019est comme si on est \u00e0 la case de d\u00e9part. Ce n\u2019est pas normal. On r\u00e9gresse, on recule. On a essay\u00e9 toute sorte de politiques \u00e9conomiques qui ne marchent pas. C\u2019est pourquoi, il est temps que ceux qui ont une exp\u00e9rience \u00e9conomique se r\u00e9unissent et parlent de l\u2019\u00e9conomie autour d\u2019\u00e9tats g\u00e9n\u00e9raux. Nous connaissons mieux l\u2019\u00e9conomie que les hommes politiques. Donc, ils doivent nous \u00e9couter.<\/p>\n<p>Est-ce que vous avez fait la proposition \u00e0 l\u2019Etat ?<\/p>\n<p>On a \u00e9crit au chef de l\u2019Etat pour une audience. Parce qu\u2019on ne peut rien faire sans passer par l\u2019Etat. Mais nous voulons le rencontrer pour lui dire ce que nous voulons \u00e0 travers ces \u00e9tats g\u00e9n\u00e9raux de l\u2019\u00e9conomie. Mais peut-\u00eatre qu\u2019il n\u2019a pas encore le temps de nous recevoir.<\/p>\n<p>Avec ces \u00e9tats g\u00e9n\u00e9raux, nous voulons aussi alerter l\u2019Etat sur les freins \u00e0 l\u2019\u00e9conomie nationale. L\u2019op\u00e9rateur \u00e9conomique est en contact avec la population, il a de la sensibilit\u00e9, il sait ce qui ne marche pas. Donc celui-l\u00e0, on doit l\u2019\u00e9couter.<\/p>\n<p>Mais malheureusement, ceux qui parlent au nom des op\u00e9rateurs \u00e9conomiques ne le sont pas. Ils sont propuls\u00e9s devant \u00e0 cause de leur appartenance politique. Ce sont des gens qui sont avec le pouvoir et cr\u00e9ent une sorte de mouvements de soutien.<\/p>\n<p>Voulez-vous dire que les \u00e9tats g\u00e9n\u00e9raux de l\u2019\u00e9conomie doivent aussi permettre de mettre de l\u2019ordre dans le milieu des op\u00e9rateurs \u00e9conomiques ?<\/p>\n<p>Oui c\u2019est cela effectivement. On va proposer des solutions qui vont nettoyer notre milieu. On doit organiser notre secteur et donner des moyens aux op\u00e9rateurs \u00e9conomiques. Nous ferons des propositions \u00e0 l\u2019Etat qui doit lui-m\u00eame nous encadrer. L\u2019Etat ne doit pas \u00eatre acteur, il doit \u00eatre arbitre pour que chacun fasse ce qu\u2019il doit faire. Mais l\u2019Etat doit \u00eatre juste avec tout le monde.<\/p>\n<p>En tant qu\u2019importateur de riz, comment analysez-vous le march\u00e9 de cette denr\u00e9e ?<\/p>\n<p>Le riz est un march\u00e9 ouvert et lib\u00e9ralis\u00e9. Ce qui n\u2019est pas normal. \u00c9conomiquement, ce n\u2019est pas viable. On ne doit pas transformer le pays en d\u00e9potoir de riz bris\u00e9. Ce riz est consomm\u00e9 de cette fa\u00e7on qu\u2019au S\u00e9n\u00e9gal. Beaucoup de pays consomment le riz entier.<\/p>\n<p>Il faut r\u00e9organiser le march\u00e9 du riz. Il faut revoir sa lib\u00e9ralisation qui est devenue anarchique. C\u2019est un secteur strat\u00e9gique. Au temps du r\u00e9gime socialiste, c\u2019est l\u2019Etat qui g\u00e9rait le march\u00e9 du riz. Les commer\u00e7ants n\u2019avaient que des quotas.<\/p>\n<\/div>\n<p>Auteur: APA News<br \/>\n<a href=\"https:\/\/www.journalducameroun.com\/plaidoyer-pour-des-etats-generaux-de-leconomie-senegalaise\/\">Cliquez ici pour lire l&rsquo;article depuis sa source.<\/a><\/p>\n","protected":false},"excerpt":{"rendered":"<p>Publi\u00e9 le 11.05.2021 \u00e0 17h18 par APA News Dans un entretien avec APA, l\u2019op\u00e9rateur \u00e9conomique Moustapha Tall, pr\u00e9sident du Mouvement des industriels et commer\u00e7ants des denr\u00e9es de premi\u00e8re n\u00e9cessit\u00e9, plaide pour des \u00e9tats g\u00e9n\u00e9raux de l\u2019\u00e9conomie s\u00e9n\u00e9galaise.Pourquoi votre mouvement plaide pour la tenue d\u2019\u00e9tats g\u00e9n\u00e9raux de l\u2019\u00e9conomie nationale ? Nous sommes des acteurs de l\u2019\u00e9conomie [&hellip;]<\/p>\n","protected":false},"author":1965,"featured_media":0,"comment_status":"closed","ping_status":"closed","sticky":false,"template":"","format":"standard","meta":{"fifu_image_url":"","fifu_image_alt":"","footnotes":""},"categories":[73,82],"tags":[],"class_list":["post-116599","post","type-post","status-publish","format-standard","hentry","category-actualite","category-cameroun"],"_links":{"self":[{"href":"https:\/\/linitiative.ca\/International\/wp-json\/wp\/v2\/posts\/116599","targetHints":{"allow":["GET"]}}],"collection":[{"href":"https:\/\/linitiative.ca\/International\/wp-json\/wp\/v2\/posts"}],"about":[{"href":"https:\/\/linitiative.ca\/International\/wp-json\/wp\/v2\/types\/post"}],"author":[{"embeddable":true,"href":"https:\/\/linitiative.ca\/International\/wp-json\/wp\/v2\/users\/1965"}],"replies":[{"embeddable":true,"href":"https:\/\/linitiative.ca\/International\/wp-json\/wp\/v2\/comments?post=116599"}],"version-history":[{"count":0,"href":"https:\/\/linitiative.ca\/International\/wp-json\/wp\/v2\/posts\/116599\/revisions"}],"wp:attachment":[{"href":"https:\/\/linitiative.ca\/International\/wp-json\/wp\/v2\/media?parent=116599"}],"wp:term":[{"taxonomy":"category","embeddable":true,"href":"https:\/\/linitiative.ca\/International\/wp-json\/wp\/v2\/categories?post=116599"},{"taxonomy":"post_tag","embeddable":true,"href":"https:\/\/linitiative.ca\/International\/wp-json\/wp\/v2\/tags?post=116599"}],"curies":[{"name":"wp","href":"https:\/\/api.w.org\/{rel}","templated":true}]}}