{"id":116600,"date":"2021-05-11T13:18:02","date_gmt":"2021-05-11T17:18:02","guid":{"rendered":"https:\/\/linitiative.ca\/International\/lutte-contre-le-terrorisme-le-portugal-appuie-le-mozambique\/"},"modified":"2021-05-11T13:18:02","modified_gmt":"2021-05-11T17:18:02","slug":"lutte-contre-le-terrorisme-le-portugal-appuie-le-mozambique","status":"publish","type":"post","link":"https:\/\/linitiative.ca\/International\/lutte-contre-le-terrorisme-le-portugal-appuie-le-mozambique\/","title":{"rendered":"Lutte contre le terrorisme: le Portugal appuie le Mozambique"},"content":{"rendered":"<div readability=\"32\">\n<p>Publi\u00e9 le 11.05.2021 \u00e0 18h18 par APA News<\/p>\n<\/div>\n<div readability=\"59\">\n<p>Le Portugal a propos\u00e9 d\u2019envoyer 60 soldats suppl\u00e9mentaires pour former les troupes mozambicaines \u00e0 la lutte contre l\u2019insurrection de l\u2019Etat islamique dans le nord du pays.Le ministre portugais de la D\u00e9fense, Joao Cravinho, a d\u00e9clar\u00e9 que l\u2019envoi de ces troupes faisait partie d\u2019un accord conclu entre Lisbonne et Maputo visant \u00e0 aider le pays d\u2019Afrique australe \u00e0 lutter contre l\u2019insurrection dans la province de Cabo Delgado.<\/p>\n<p>\u00ab Un projet important a \u00e9t\u00e9 ajout\u00e9 pour former le personnel militaire mozambicain et le r\u00e9sultat est que le programme verra quatre fois plus de troupes portugaises travailler avec leurs homologues mozambicains \u00bb, a d\u00e9clar\u00e9 M. Cravinho.<\/p>\n<p>En vertu de l\u2019accord, le Portugal assurera la formation jusqu\u2019en 2026, ce qui permettra aux deux pays de partager des renseignements et de s\u2019entraider gr\u00e2ce \u00e0 l\u2019utilisation de drones pour suivre les mouvements des terroristes.<\/p>\n<p>Ces troupes s\u2019ajoutent aux 60 membres des forces sp\u00e9ciales portugaises d\u00e9j\u00e0 envoy\u00e9s pour former des soldats au Mozambique, une ancienne colonie portugaise, \u00e0 la suite d\u2019une attaque majeure contre la ville de Palma, dans le nord du pays, en mars dernier.<\/p>\n<p>L\u2019accord intervient \u00e0 la suite d\u2019une r\u00e9currence des attaques men\u00e9es par la milice li\u00e9e \u00e0 l\u2019Etat islamique dans la province de Cabo Delgado depuis 2017.<\/p>\n<\/div>\n<p>Auteur: APA News<br \/>\n<a href=\"https:\/\/www.journalducameroun.com\/lutte-contre-le-terrorisme-le-portugal-appuie-le-mozambique\/\">Cliquez ici pour lire l&rsquo;article depuis sa source.<\/a><\/p>\n","protected":false},"excerpt":{"rendered":"<p>Publi\u00e9 le 11.05.2021 \u00e0 18h18 par APA News Le Portugal a propos\u00e9 d\u2019envoyer 60 soldats suppl\u00e9mentaires pour former les troupes mozambicaines \u00e0 la lutte contre l\u2019insurrection de l\u2019Etat islamique dans le nord du pays.Le ministre portugais de la D\u00e9fense, Joao Cravinho, a d\u00e9clar\u00e9 que l\u2019envoi de ces troupes faisait partie d\u2019un accord conclu entre Lisbonne [&hellip;]<\/p>\n","protected":false},"author":1965,"featured_media":0,"comment_status":"closed","ping_status":"closed","sticky":false,"template":"","format":"standard","meta":{"fifu_image_url":"","fifu_image_alt":"","footnotes":""},"categories":[73,82],"tags":[],"class_list":["post-116600","post","type-post","status-publish","format-standard","hentry","category-actualite","category-cameroun"],"_links":{"self":[{"href":"https:\/\/linitiative.ca\/International\/wp-json\/wp\/v2\/posts\/116600","targetHints":{"allow":["GET"]}}],"collection":[{"href":"https:\/\/linitiative.ca\/International\/wp-json\/wp\/v2\/posts"}],"about":[{"href":"https:\/\/linitiative.ca\/International\/wp-json\/wp\/v2\/types\/post"}],"author":[{"embeddable":true,"href":"https:\/\/linitiative.ca\/International\/wp-json\/wp\/v2\/users\/1965"}],"replies":[{"embeddable":true,"href":"https:\/\/linitiative.ca\/International\/wp-json\/wp\/v2\/comments?post=116600"}],"version-history":[{"count":0,"href":"https:\/\/linitiative.ca\/International\/wp-json\/wp\/v2\/posts\/116600\/revisions"}],"wp:attachment":[{"href":"https:\/\/linitiative.ca\/International\/wp-json\/wp\/v2\/media?parent=116600"}],"wp:term":[{"taxonomy":"category","embeddable":true,"href":"https:\/\/linitiative.ca\/International\/wp-json\/wp\/v2\/categories?post=116600"},{"taxonomy":"post_tag","embeddable":true,"href":"https:\/\/linitiative.ca\/International\/wp-json\/wp\/v2\/tags?post=116600"}],"curies":[{"name":"wp","href":"https:\/\/api.w.org\/{rel}","templated":true}]}}