{"id":116602,"date":"2021-05-11T15:18:02","date_gmt":"2021-05-11T19:18:02","guid":{"rendered":"https:\/\/linitiative.ca\/International\/la-gambie-reaffirme-son-soutien-indefectible-et-constant-a-lintegrite-territoriale-du-maroc\/"},"modified":"2021-05-11T15:18:02","modified_gmt":"2021-05-11T19:18:02","slug":"la-gambie-reaffirme-son-soutien-indefectible-et-constant-a-lintegrite-territoriale-du-maroc","status":"publish","type":"post","link":"https:\/\/linitiative.ca\/International\/la-gambie-reaffirme-son-soutien-indefectible-et-constant-a-lintegrite-territoriale-du-maroc\/","title":{"rendered":"La Gambie r\u00e9affirme son soutien \u00ab ind\u00e9fectible \u00bb et \u00ab constant \u00bb \u00e0 l\u2019int\u00e9grit\u00e9 territoriale du Maroc"},"content":{"rendered":"<div readability=\"32\">\n<p>Publi\u00e9 le 11.05.2021 \u00e0 20h18 par APA News<\/p>\n<\/div>\n<div readability=\"103\">\n<p>La Gambie par la voix de son ministre des Affaires \u00e9trang\u00e8res, Mamadou Tangara a r\u00e9it\u00e9r\u00e9 son soutien \u00ab ind\u00e9fectible \u00bb et \u00ab constant \u00bb \u00e0 l\u2019int\u00e9grit\u00e9 territoriale du Maroc et a salu\u00e9 les efforts entrepris par le Maroc pour trouver une solution politique au diff\u00e9rend r\u00e9gional sur le Sahara marocain, indique un communiqu\u00e9 du minist\u00e8re marocain des Affaires \u00e9trang\u00e8res.Lors de ses entretiens, mardi, par visioconf\u00e9rence avec son homologue marocain, Nasser Bourita, le chef de la diplomatie gambienne a salu\u00e9 la cr\u00e9dibilit\u00e9 et la primaut\u00e9 de l\u2019Initiative marocaine d\u2019Autonomie comme base pour r\u00e9gler cette question, tout en r\u00e9it\u00e9rant le plein soutien de son pays au r\u00f4le jou\u00e9 par l\u2019ONU en tant que cadre exclusif et consensuel pour parvenir \u00e0 une solution durable \u00e0 ce diff\u00e9rend r\u00e9gional et \u00e0 la D\u00e9cision 693 de l\u2019Union africaine adopt\u00e9e par le 31\u00e8 Sommet tenu en juillet 2018, soutenant officiellement le processus onusien \u00e0 cet \u00e9gard.<\/p>\n<p>Les deux parties se sont f\u00e9licit\u00e9es de l\u2019ouverture par la Gambie de son Consulat G\u00e9n\u00e9ral \u00e0 Dakhla le 07 janvier 2020, tandis que M. Bourita a assur\u00e9 M. Tangara de la volont\u00e9 du Maroc de mettre \u00e0 profit son exp\u00e9rience et son expertise dans les domaines du d\u00e9veloppement \u00e9conomique et social \u00e0 la disposition de la R\u00e9publique de Gambie pour la r\u00e9alisation de son plan de d\u00e9veloppement 2018-2021, indique un communiqu\u00e9 du minist\u00e8re.<\/p>\n<p>Les deux ministres ont exprim\u00e9 le souhait de d\u00e9velopper davantage la coop\u00e9ration bilat\u00e9rale entre les deux pays dans plusieurs domaines tels que l\u2019\u00e9nergie et les \u00e9nergies renouvelables, l\u2019agriculture, les infrastructures, la formation, l\u2019eau, l\u2019\u00e9ducation et l\u2019\u00e9change d\u2019exp\u00e9riences dans le domaine de la gestion de l\u2019eau et la construction de barrages.<\/p>\n<p>A ce titre, M. Bourita et Tangara ont exprim\u00e9 leur volont\u00e9 de programmer la 3\u00e8me session de la Commission mixte de coop\u00e9ration et d\u2019organiser un forum \u00e9conomique \u00e0 Banjul, poursuit la m\u00eame source, pr\u00e9cisant que les deux ministres ont \u00e9voqu\u00e9 dans ce cadre plusieurs projets d\u2019accords de coop\u00e9ration qui sont en cours de finalisation, couvrant les domaines de l\u2019\u00e9nergie, le commerce, l\u2019industrie, la double imposition, l\u2019agriculture, la jeunesse et les sports, les affaires religieuses, la promotion des investissements, le tourisme et les affaires culturelles.<\/p>\n<p>\u00a0M. Tangara a remerci\u00e9 son homologue marocain pour l\u2019octroi par le Maroc de bourses aux \u00e9tudiants gambiens, contribuant ainsi au d\u00e9veloppement de leurs capacit\u00e9s, exprimant le souhait d\u2019augmenter le quota et de l\u2019\u00e9largir aux futurs techniciens d\u2019entre eux.<\/p>\n<p>MM. Bourita et Tangara se sont engag\u00e9s \u00e0 se soutenir mutuellement sur les questions li\u00e9es aux int\u00e9r\u00eats fondamentaux des deux pays, note le communiqu\u00e9.\u00a0<\/p>\n<p>Lors de cet entretien, les deux ministres ont \u00e9galement exprim\u00e9 leur volont\u00e9 de renforcer davantage la communication strat\u00e9gique et la coordination entre les deux pays dans le cadre des diff\u00e9rents foras r\u00e9gionaux et multilat\u00e9raux, tels que l\u2019UA et l\u2019ONU, convenant ainsi de coordonner, \u00e0 travers leurs repr\u00e9sentants permanents \u00e0 New York, Gen\u00e8ve et \u00e0 l\u2019UA, leurs actions et d\u00e9cisions concernant les questions d\u2019int\u00e9r\u00eat commun.<\/p>\n<p>Ils ont \u00e9galement discut\u00e9 de la n\u00e9cessit\u00e9 de se soutenir mutuellement s\u2019agissant des candidatures en lice pour divers postes au sein des institutions continentales et internationales, conclut la m\u00eame source.<\/p>\n<\/div>\n<p>Auteur: APA News<br \/>\n<a href=\"https:\/\/www.journalducameroun.com\/la-gambie-reaffirme-son-soutien-indefectible-et-constant-a-lintegrite-territoriale-du-maroc\/\">Cliquez ici pour lire l&rsquo;article depuis sa source.<\/a><\/p>\n","protected":false},"excerpt":{"rendered":"<p>Publi\u00e9 le 11.05.2021 \u00e0 20h18 par APA News La Gambie par la voix de son ministre des Affaires \u00e9trang\u00e8res, Mamadou Tangara a r\u00e9it\u00e9r\u00e9 son soutien \u00ab ind\u00e9fectible \u00bb et \u00ab constant \u00bb \u00e0 l\u2019int\u00e9grit\u00e9 territoriale du Maroc et a salu\u00e9 les efforts entrepris par le Maroc pour trouver une solution politique au diff\u00e9rend r\u00e9gional sur [&hellip;]<\/p>\n","protected":false},"author":1965,"featured_media":0,"comment_status":"closed","ping_status":"closed","sticky":false,"template":"","format":"standard","meta":{"fifu_image_url":"","fifu_image_alt":"","footnotes":""},"categories":[73,82],"tags":[],"class_list":["post-116602","post","type-post","status-publish","format-standard","hentry","category-actualite","category-cameroun"],"_links":{"self":[{"href":"https:\/\/linitiative.ca\/International\/wp-json\/wp\/v2\/posts\/116602","targetHints":{"allow":["GET"]}}],"collection":[{"href":"https:\/\/linitiative.ca\/International\/wp-json\/wp\/v2\/posts"}],"about":[{"href":"https:\/\/linitiative.ca\/International\/wp-json\/wp\/v2\/types\/post"}],"author":[{"embeddable":true,"href":"https:\/\/linitiative.ca\/International\/wp-json\/wp\/v2\/users\/1965"}],"replies":[{"embeddable":true,"href":"https:\/\/linitiative.ca\/International\/wp-json\/wp\/v2\/comments?post=116602"}],"version-history":[{"count":0,"href":"https:\/\/linitiative.ca\/International\/wp-json\/wp\/v2\/posts\/116602\/revisions"}],"wp:attachment":[{"href":"https:\/\/linitiative.ca\/International\/wp-json\/wp\/v2\/media?parent=116602"}],"wp:term":[{"taxonomy":"category","embeddable":true,"href":"https:\/\/linitiative.ca\/International\/wp-json\/wp\/v2\/categories?post=116602"},{"taxonomy":"post_tag","embeddable":true,"href":"https:\/\/linitiative.ca\/International\/wp-json\/wp\/v2\/tags?post=116602"}],"curies":[{"name":"wp","href":"https:\/\/api.w.org\/{rel}","templated":true}]}}