{"id":116603,"date":"2021-05-11T15:18:02","date_gmt":"2021-05-11T19:18:02","guid":{"rendered":"https:\/\/linitiative.ca\/International\/palestine-les-pays-arabes-decident-de-constituer-un-comite-ministeriel\/"},"modified":"2021-05-11T15:18:02","modified_gmt":"2021-05-11T19:18:02","slug":"palestine-les-pays-arabes-decident-de-constituer-un-comite-ministeriel","status":"publish","type":"post","link":"https:\/\/linitiative.ca\/International\/palestine-les-pays-arabes-decident-de-constituer-un-comite-ministeriel\/","title":{"rendered":"Palestine : Les pays arabes d\u00e9cident de constituer un comit\u00e9 minist\u00e9riel"},"content":{"rendered":"<div readability=\"32\">\n<p>Publi\u00e9 le 11.05.2021 \u00e0 20h18 par APA News<\/p>\n<\/div>\n<div readability=\"81\">\n<p>Les ministres arabes des Affaires \u00e9trang\u00e8res ont d\u00e9cid\u00e9 de former un comit\u00e9 minist\u00e9riel comprenant le Maroc, la Palestine, la Jordanie, l\u2019\u00c9gypte, l\u2019Arabie saoudite et le Qatar, pour communiquer avec les membres permanents du Conseil de s\u00e9curit\u00e9 et d\u2019autres pays influents, pour les exhorter \u00e0 prendre des mesures concr\u00e8tes pratiques vidant \u00e0 mettre fin aux politiques et mesures ill\u00e9gales men\u00e9es par Isra\u00ebl dans la ville occup\u00e9e d\u2019Al-Qods.\u00a0Le comit\u00e9, qui comprend \u00e9galement la pr\u00e9sidence du sommet arabe, le membre arabe du Conseil de s\u00e9curit\u00e9 et le secr\u00e9taire g\u00e9n\u00e9ral de la Ligue arabe, va soumettre un rapport sur les r\u00e9sultats de ses d\u00e9marches \u00e0 une session extraordinaire du Conseil de la Ligue d\u00e9di\u00e9e \u00e0 cette question.<\/p>\n<p>R\u00e9unis, mardi en visioconf\u00e9rence, les ministres arabes des Affaires \u00e9trang\u00e8res ont appel\u00e9 la Cour p\u00e9nale internationale \u00e0 ouvrir une enqu\u00eate p\u00e9nale sur les crimes de guerre et les crimes contre l\u2019humanit\u00e9 commis par Isra\u00ebl contre le peuple palestinien d\u00e9sarm\u00e9, y compris le d\u00e9placement des Palestiniens de leurs foyers dans le quartier de Cheikh Jarrah et le reste des territoires et quartiers palestiniens occup\u00e9s.<\/p>\n<p>Ils ont \u00e9galement demand\u00e9 \u00e0 la Cour de fournir toutes les ressources mat\u00e9rielles et humaines pour cette enqu\u00eate et de lui accorder une attention particuli\u00e8re.<\/p>\n<p>Les ministres arabes ont affirm\u00e9 leur d\u00e9termination \u00e0 prendre les mesures n\u00e9cessaires \u00e0 tous les niveaux, y compris le lancement d\u2019un mouvement diplomatique intense, par le biais de lettres, de contacts et de r\u00e9unions bilat\u00e9rales, afin de prot\u00e9ger la ville de J\u00e9rusalem, de d\u00e9fendre ses saintes chr\u00e9tiennes et soutiennent les droits politiques, sociaux, \u00e9conomiques et humanitaires du peuple palestinien.<\/p>\n<p>Le Parlement arabe a appel\u00e9 \u00e0 une action urgente avec les parlements des pays influents pour atteindre les objectifs de cette initiative.<\/p>\n<p>Il a \u00e9galement charg\u00e9 les missions de la Ligue des \u00c9tats arabes et les conseils des ambassadeurs arabes de lancer un intense effort diplomatique pour transmettre le contenu de cette r\u00e9solution aux capitales des pays influents du monde entier, ainsi que de charger le groupe arabe \u00e0 l\u2019ONU \u00e0 New York pour engager des consultations et des proc\u00e9dures avec le Pr\u00e9sident du Conseil de s\u00e9curit\u00e9 et le Pr\u00e9sident de l\u2019Assembl\u00e9e g\u00e9n\u00e9rale, y compris l\u2019examen de l\u2019option de tenir la dixi\u00e8me session extraordinaire d\u2019urgence sur les actions ill\u00e9gales isra\u00e9liennes \u00e0 Al-Qods Est occup\u00e9e et dans le reste de la territoires palestiniens occup\u00e9s.<\/p>\n<p>La r\u00e9union a \u00e9galement d\u00e9cid\u00e9 de charger le groupe arabe de Gen\u00e8ve et de Paris d\u2019engager les consultations et proc\u00e9dures n\u00e9cessaires au Conseil des droits de l\u2019Homme et \u00e0 l\u2019UNESCO en vue de faire cesser les agressions isra\u00e9liennes syst\u00e9matiques dans la ville occup\u00e9e d\u2019Al Qods.<\/p>\n<\/div>\n<p>Auteur: APA News<br \/>\n<a href=\"https:\/\/www.journalducameroun.com\/palestine-les-pays-arabes-decident-de-constituer-un-comite-ministeriel\/\">Cliquez ici pour lire l&rsquo;article depuis sa source.<\/a><\/p>\n","protected":false},"excerpt":{"rendered":"<p>Publi\u00e9 le 11.05.2021 \u00e0 20h18 par APA News Les ministres arabes des Affaires \u00e9trang\u00e8res ont d\u00e9cid\u00e9 de former un comit\u00e9 minist\u00e9riel comprenant le Maroc, la Palestine, la Jordanie, l\u2019\u00c9gypte, l\u2019Arabie saoudite et le Qatar, pour communiquer avec les membres permanents du Conseil de s\u00e9curit\u00e9 et d\u2019autres pays influents, pour les exhorter \u00e0 prendre des mesures [&hellip;]<\/p>\n","protected":false},"author":1965,"featured_media":0,"comment_status":"closed","ping_status":"closed","sticky":false,"template":"","format":"standard","meta":{"fifu_image_url":"","fifu_image_alt":"","footnotes":""},"categories":[73,82],"tags":[],"class_list":["post-116603","post","type-post","status-publish","format-standard","hentry","category-actualite","category-cameroun"],"_links":{"self":[{"href":"https:\/\/linitiative.ca\/International\/wp-json\/wp\/v2\/posts\/116603","targetHints":{"allow":["GET"]}}],"collection":[{"href":"https:\/\/linitiative.ca\/International\/wp-json\/wp\/v2\/posts"}],"about":[{"href":"https:\/\/linitiative.ca\/International\/wp-json\/wp\/v2\/types\/post"}],"author":[{"embeddable":true,"href":"https:\/\/linitiative.ca\/International\/wp-json\/wp\/v2\/users\/1965"}],"replies":[{"embeddable":true,"href":"https:\/\/linitiative.ca\/International\/wp-json\/wp\/v2\/comments?post=116603"}],"version-history":[{"count":0,"href":"https:\/\/linitiative.ca\/International\/wp-json\/wp\/v2\/posts\/116603\/revisions"}],"wp:attachment":[{"href":"https:\/\/linitiative.ca\/International\/wp-json\/wp\/v2\/media?parent=116603"}],"wp:term":[{"taxonomy":"category","embeddable":true,"href":"https:\/\/linitiative.ca\/International\/wp-json\/wp\/v2\/categories?post=116603"},{"taxonomy":"post_tag","embeddable":true,"href":"https:\/\/linitiative.ca\/International\/wp-json\/wp\/v2\/tags?post=116603"}],"curies":[{"name":"wp","href":"https:\/\/api.w.org\/{rel}","templated":true}]}}