{"id":116610,"date":"2021-05-12T09:10:30","date_gmt":"2021-05-12T13:10:30","guid":{"rendered":"https:\/\/linitiative.ca\/International\/culture-de-pasteque-la-chambre-agricole-du-souss-massa-dement-les-rumeurs\/"},"modified":"2021-05-12T09:10:30","modified_gmt":"2021-05-12T13:10:30","slug":"culture-de-pasteque-la-chambre-agricole-du-souss-massa-dement-les-rumeurs","status":"publish","type":"post","link":"https:\/\/linitiative.ca\/International\/culture-de-pasteque-la-chambre-agricole-du-souss-massa-dement-les-rumeurs\/","title":{"rendered":"Culture de past\u00e8que : La Chambre agricole du Souss-Massa d\u00e9ment les rumeurs"},"content":{"rendered":"<header>\n<\/header>\n<div class=\"entry-content clearfix\" readability=\"57\">\n<figure class=\"post-thumbnail\" itemprop=\"associatedMedia\" itemscope=\"itemscope\" itemtype=\"http:\/\/schema.org\/ImageObject\"><img decoding=\"async\" class=\"post_layout_5_img\" src=\"http:\/\/aujourdhui.ma\/wp-content\/uploads\/2021\/05\/pasteque.jpg\" alt=\"Culture de past\u00e8que : La Chambre agricole du Souss-Massa d\u00e9ment les rumeurs\"\/><\/figure>\n<p><span class=\"c7\"><strong>La Chambre agricole du Souss-Massa a d\u00e9menti lundi dans un communiqu\u00e9 rendu public les rimeurs v\u00e9hicul\u00e9es sur plusieurs sites et r\u00e9seaux sociaux li\u00e9s aux semences de past\u00e8que rouge marocain g\u00e9n\u00e9tiquement modifi\u00e9es.<\/strong><\/span><span id=\"more-376254\"\/><\/p>\n<p>Dans ce communiqu\u00e9, la Chambre agricole de la r\u00e9gion du Souss-Massa d\u00e9nonce \u00abtous ces agissements mensongers irresponsables qui ne reposent sur aucun fondement technique ou scientifique et qui nuisent consid\u00e9rablement au produit agricole marocain, et auront des cons\u00e9quences \u00e9conomiques et sociales consid\u00e9rables\u00bb.<br \/>Le m\u00eame document ajoute que \u00able travail et la coordination se poursuivent avec tous les services du minist\u00e8re de l\u2019agriculture en l\u2019occurrence par l\u2019Office national de s\u00e9curit\u00e9 sanitaire des produits alimentaires (ONSSA) pour assurer le respect des diff\u00e9rentes mesures d\u00e9j\u00e0 instaur\u00e9es et des dispositions de la loi 07-28 et les textes adopt\u00e9s pour sa mise en \u0153uvre relatifs \u00e0 la s\u00e9curit\u00e9 sanitaire des produits alimentaires, qui pr\u00e9voient l\u2019inscription au registre officiel qui encadrnt \u00e9galement le contr\u00f4le, la production et la commercialisation des semences et des plantations et qui interditent l\u2019usage de mat\u00e9riaux nocifs pour la sant\u00e9 des citoyens\u00bb.<br \/>Pour rappel, les analyses de laboratoire effectu\u00e9es r\u00e9cemment par l\u2019ONSSA ont r\u00e9v\u00e9l\u00e9 la conformit\u00e9 de la past\u00e8que marocaine aux normes de s\u00e9curit\u00e9 sanitaire des aliments.<br \/>En effet, les r\u00e9sultats des \u00e9chantillons analys\u00e9s dans le cadre du plan de surveillance et de contr\u00f4le de la past\u00e8que durant la campagne en cours (ann\u00e9e 2021) ont r\u00e9v\u00e9l\u00e9 l\u2019absence de contaminants dans ce fruit, \u00e0 savoir les r\u00e9sidus des pesticides, des m\u00e9taux lourds (plomb et cadmium) et des bact\u00e9ries (salmonelles et coliformes).<\/p>\n<p>Il convient de signaler que l\u2019ONSSA met en \u0153uvre annuellement des plans de surveillance et de contr\u00f4le des fruits et l\u00e9gumes, y compris la past\u00e8que, qui consistent principalement en la recherche de r\u00e9sidus de pesticides dans ces produits au niveau des exploitations agricoles, des march\u00e9s de gros, des grandes et moyennes surfaces et des stations de conditionnement. En plus, les semences import\u00e9es sont soumises \u00e0 un contr\u00f4le technique et phytosanitaire syst\u00e9matique aux postes d\u2019inspection frontaliers pour s\u2019assurer de leur conformit\u00e9 aux normes et aux sp\u00e9cifications en vigueur au niveau national avant d\u2019autoriser leur admission pour leur commercialisation.<\/p>\n<\/div>\n<p>Auteur: Mohamed Laabid<br \/>\n<a href=\"https:\/\/aujourdhui.ma\/economie\/culture-de-pasteque-la-chambre-agricole-du-souss-massa-dement-les-rumeurs\">Cliquez ici pour lire l&rsquo;article depuis sa source.<\/a><\/p>\n","protected":false},"excerpt":{"rendered":"<p>La Chambre agricole du Souss-Massa a d\u00e9menti lundi dans un communiqu\u00e9 rendu public les rimeurs v\u00e9hicul\u00e9es sur plusieurs sites et r\u00e9seaux sociaux li\u00e9s aux semences de past\u00e8que rouge marocain g\u00e9n\u00e9tiquement modifi\u00e9es. Dans ce communiqu\u00e9, la Chambre agricole de la r\u00e9gion du Souss-Massa d\u00e9nonce \u00abtous ces agissements mensongers irresponsables qui ne reposent sur aucun fondement technique [&hellip;]<\/p>\n","protected":false},"author":1759,"featured_media":0,"comment_status":"closed","ping_status":"closed","sticky":false,"template":"","format":"standard","meta":{"fifu_image_url":"http:\/\/aujourdhui.ma\/wp-content\/uploads\/2021\/05\/pasteque.jpg","fifu_image_alt":"Culture de past\u00e8que : La Chambre agricole du Souss-Massa d\u00e9ment les rumeurs","footnotes":""},"categories":[73,54],"tags":[],"class_list":["post-116610","post","type-post","status-publish","format-standard","hentry","category-actualite","category-maroc"],"_links":{"self":[{"href":"https:\/\/linitiative.ca\/International\/wp-json\/wp\/v2\/posts\/116610","targetHints":{"allow":["GET"]}}],"collection":[{"href":"https:\/\/linitiative.ca\/International\/wp-json\/wp\/v2\/posts"}],"about":[{"href":"https:\/\/linitiative.ca\/International\/wp-json\/wp\/v2\/types\/post"}],"author":[{"embeddable":true,"href":"https:\/\/linitiative.ca\/International\/wp-json\/wp\/v2\/users\/1759"}],"replies":[{"embeddable":true,"href":"https:\/\/linitiative.ca\/International\/wp-json\/wp\/v2\/comments?post=116610"}],"version-history":[{"count":0,"href":"https:\/\/linitiative.ca\/International\/wp-json\/wp\/v2\/posts\/116610\/revisions"}],"wp:attachment":[{"href":"https:\/\/linitiative.ca\/International\/wp-json\/wp\/v2\/media?parent=116610"}],"wp:term":[{"taxonomy":"category","embeddable":true,"href":"https:\/\/linitiative.ca\/International\/wp-json\/wp\/v2\/categories?post=116610"},{"taxonomy":"post_tag","embeddable":true,"href":"https:\/\/linitiative.ca\/International\/wp-json\/wp\/v2\/tags?post=116610"}],"curies":[{"name":"wp","href":"https:\/\/api.w.org\/{rel}","templated":true}]}}