{"id":116612,"date":"2021-05-12T10:32:31","date_gmt":"2021-05-12T14:32:31","guid":{"rendered":"https:\/\/linitiative.ca\/International\/dieselgate-premiere-condamnation-de-volkswagen-en-france\/"},"modified":"2021-05-12T10:32:31","modified_gmt":"2021-05-12T14:32:31","slug":"dieselgate-premiere-condamnation-de-volkswagen-en-france","status":"publish","type":"post","link":"https:\/\/linitiative.ca\/International\/dieselgate-premiere-condamnation-de-volkswagen-en-france\/","title":{"rendered":"Dieselgate : Premi\u00e8re condamnation de Volkswagen  en France"},"content":{"rendered":"<header>\n<\/header>\n<div class=\"entry-content clearfix\" readability=\"49\">\n<figure class=\"post-thumbnail\" itemprop=\"associatedMedia\" itemscope=\"itemscope\" itemtype=\"http:\/\/schema.org\/ImageObject\"><img decoding=\"async\" class=\"post_layout_5_img\" src=\"http:\/\/aujourdhui.ma\/wp-content\/uploads\/2020\/05\/Volkswagen.jpg\" alt=\"Dieselgate : Premi\u00e8re condamnation de Volkswagen en France\"\/><\/figure>\n<p><strong>La Cour d\u2019appel de Pau, dans le sud de la France, vient de condamner la filiale fran\u00e7aise de Volkswagen \u00e0 indemniser le propri\u00e9taire d\u2019une voiture de la marque allemande, dans l\u2019affaire du Dieselgate, une premi\u00e8re en France, a affirm\u00e9 vendredi l\u2019avocat du plaignant.<\/strong><span id=\"more-376242\"\/> Selon Me Charles Constantin-Vallet, \u00abcette premi\u00e8re victime ayant d\u00e9cid\u00e9 d\u00e8s 2016 de saisir la justice civile a obtenu, en fonction de sa situation personnelle (notamment l\u2019\u00e2ge et le kilom\u00e9trage du v\u00e9hicule), en plus du remboursement de ses frais d\u2019avocats, 4.000 euros d\u2019indemnisation, correspondant environ \u00e0 15% du prix d\u2019achat de son Tiguan TDI 140\u00bb. Cet arr\u00eat du 27 avril repr\u00e9sente \u00abl\u2019unique condamnation fran\u00e7aise \u00e0 ce jour ainsi que la premi\u00e8re juridiction d\u2019appel \u00e0 statuer sur la responsabilit\u00e9 de Volkswagen\u00bb, a ajout\u00e9 l\u2019avocat dans un communiqu\u00e9, estimant que cela devrait \u00abfaire jurisprudence et permettre \u00e0 l\u2019ensemble des victimes concern\u00e9es de faire valoir leurs droits\u00bb. L\u2019affaire du Dieselgate avait \u00e9clat\u00e9 en septembre 2015, r\u00e9v\u00e9lant le trucage de millions de moteurs diesel des marques VW et Audi notamment, pour les faire appara\u00eetre moins polluants qu\u2019ils ne l\u2019\u00e9taient en r\u00e9alit\u00e9.<\/p>\n<\/div>\n<p>Auteur: ALM<br \/>\n<a href=\"https:\/\/aujourdhui.ma\/automobile\/dieselgate-premiere-condamnation-de-volkswagen-en-france\">Cliquez ici pour lire l&rsquo;article depuis sa source.<\/a><\/p>\n","protected":false},"excerpt":{"rendered":"<p>La Cour d\u2019appel de Pau, dans le sud de la France, vient de condamner la filiale fran\u00e7aise de Volkswagen \u00e0 indemniser le propri\u00e9taire d\u2019une voiture de la marque allemande, dans l\u2019affaire du Dieselgate, une premi\u00e8re en France, a affirm\u00e9 vendredi l\u2019avocat du plaignant. Selon Me Charles Constantin-Vallet, \u00abcette premi\u00e8re victime ayant d\u00e9cid\u00e9 d\u00e8s 2016 de [&hellip;]<\/p>\n","protected":false},"author":1759,"featured_media":0,"comment_status":"closed","ping_status":"closed","sticky":false,"template":"","format":"standard","meta":{"fifu_image_url":"http:\/\/aujourdhui.ma\/wp-content\/uploads\/2020\/05\/Volkswagen.jpg","fifu_image_alt":"Dieselgate : Premi\u00e8re condamnation de Volkswagen  en France","footnotes":""},"categories":[73,54],"tags":[],"class_list":["post-116612","post","type-post","status-publish","format-standard","hentry","category-actualite","category-maroc"],"_links":{"self":[{"href":"https:\/\/linitiative.ca\/International\/wp-json\/wp\/v2\/posts\/116612","targetHints":{"allow":["GET"]}}],"collection":[{"href":"https:\/\/linitiative.ca\/International\/wp-json\/wp\/v2\/posts"}],"about":[{"href":"https:\/\/linitiative.ca\/International\/wp-json\/wp\/v2\/types\/post"}],"author":[{"embeddable":true,"href":"https:\/\/linitiative.ca\/International\/wp-json\/wp\/v2\/users\/1759"}],"replies":[{"embeddable":true,"href":"https:\/\/linitiative.ca\/International\/wp-json\/wp\/v2\/comments?post=116612"}],"version-history":[{"count":0,"href":"https:\/\/linitiative.ca\/International\/wp-json\/wp\/v2\/posts\/116612\/revisions"}],"wp:attachment":[{"href":"https:\/\/linitiative.ca\/International\/wp-json\/wp\/v2\/media?parent=116612"}],"wp:term":[{"taxonomy":"category","embeddable":true,"href":"https:\/\/linitiative.ca\/International\/wp-json\/wp\/v2\/categories?post=116612"},{"taxonomy":"post_tag","embeddable":true,"href":"https:\/\/linitiative.ca\/International\/wp-json\/wp\/v2\/tags?post=116612"}],"curies":[{"name":"wp","href":"https:\/\/api.w.org\/{rel}","templated":true}]}}