{"id":116614,"date":"2021-05-11T14:00:00","date_gmt":"2021-05-11T18:00:00","guid":{"rendered":"https:\/\/linitiative.ca\/International\/les-parlementaires-denoncent-un-acte-inadmissible-et-attentatoire-aux-valeurs-de-bon-voisinage\/"},"modified":"2021-05-11T14:00:00","modified_gmt":"2021-05-11T18:00:00","slug":"les-parlementaires-denoncent-un-acte-inadmissible-et-attentatoire-aux-valeurs-de-bon-voisinage","status":"publish","type":"post","link":"https:\/\/linitiative.ca\/International\/les-parlementaires-denoncent-un-acte-inadmissible-et-attentatoire-aux-valeurs-de-bon-voisinage\/","title":{"rendered":"Les parlementaires d\u00e9noncent un \u00abacte inadmissible\u00bb et attentatoire aux valeurs de bon voisinage"},"content":{"rendered":"<p class=\"has-text-align-center has-vivid-red-color has-text-color\"><strong>L\u2019accueil par l\u2019Espagne du d\u00e9nomm\u00e9 Brahim Ghali<\/strong><\/p>\n<p><strong>L\u2019accueil par l\u2019Espagne du chef du front du \u00ab\u00a0polisario\u00a0\u00bb, le d\u00e9nomm\u00e9 Brahim Ghali est \u00ab\u00a0un acte inadmissible\u00a0\u00bb, qui porte atteinte aux valeurs du bon voisinage, ont affirm\u00e9, lundi, les repr\u00e9sentants de la majorit\u00e9 et de l\u2019opposition au sein de la Chambre des repr\u00e9sentants.<\/strong><\/p>\n<p>Dans leurs interventions lors de la s\u00e9ance pl\u00e9ni\u00e8re mensuelle des questions de politique g\u00e9n\u00e9rale destin\u00e9es au chef du gouvernement autour de \u00ab\u00a0la mise en \u0153uvre du chantier de g\u00e9n\u00e9ralisation de la protection sociale\u00a0\u00bb, les repr\u00e9sentants des groupes et groupement parlementaires ont appel\u00e9 le gouvernement espagnol \u00e0 rectifier cette erreur pour pr\u00e9server les relations distingu\u00e9es entre les deux pays, en traduisant le chef des s\u00e9paratistes du \u00ab\u00a0polisario\u00a0\u00bb devant la justice.<\/p>\n<p>Dans ce sens, Jamal Benchekroun Karimi, du groupement parlementaire du progr\u00e8s et du socialisme a, pour sa part, qualifi\u00e9 l\u2019accueil du d\u00e9nomm\u00e9 Brahim Ghali d\u2019acte inacceptable et condamnable, ajoutant qu\u2019il s\u2019agit d\u2019une provocation pure et simple \u00e0 l\u2019\u00e9gard du Maroc et d\u2019une atteinte \u00e0 la qualit\u00e9 des relations bilat\u00e9rales, ainsi qu\u2019\u00e0 la politique de bon voisinage entre les deux pays.<\/p>\n<p>Idriss Azami Al-Idrissi, du parti de la Justice et du D\u00e9veloppement a exprim\u00e9 de son c\u00f4t\u00e9 son rejet et sa d\u00e9nonciation de l\u2019attitude de l\u2019Espagne hostile \u00e0 l\u2019int\u00e9grit\u00e9 territoriale du Royaume et contraire aux valeurs du bon voisinage et des int\u00e9r\u00eats communs des deux pays, en accueillant sur son sol avec une fausse identit\u00e9 le chef des milices du \u00ab\u00a0polisario\u00a0\u00bb, accus\u00e9 de crimes contre l\u2019humanit\u00e9 et de violations des droits de l\u2019Homme<\/p>\n<p>Rachid El Abdi, pr\u00e9sident du groupe parlementaire du Parti Authenticit\u00e9 et Modernit\u00e9 \u00e0 la Chambre des repr\u00e9sentants a, quant \u00e0 lui, indiqu\u00e9 que le groupe suit avec profond regret et grand \u00e9tonnement l\u2019accueil par l\u2019Espagne du chef du \u00ab\u00a0polisario\u00a0\u00bb pour \u00ab\u00a0des consid\u00e9rations humanitaires\u00a0\u00bb, qualifiant ce comportement de violation flagrante du bon voisinage et des relations strat\u00e9giques et historiques liant les deux pays.<\/p>\n<p>Bouselham Dich, du groupe du Rassemblement constitutionnel, a fermement condamn\u00e9 cet acte internationalement rejet\u00e9, qui encourage l\u2019impunit\u00e9 d\u2019un criminel de guerre, estimant que cet acte est de nature \u00e0 impacter profond\u00e9ment les relations distingu\u00e9es liant le Maroc et son voisin espagnol qui, constituent un mod\u00e8le du bon voisinage, de la coop\u00e9ration et de la communaut\u00e9 du destin.<\/p>\n<p>M\u00eame son de cloche chez le chef du groupe parlementaire istiqlalien, Noureddine Mediane, qui fait savoir que \u00ab\u00a0si nous, parlementaires, tenons \u00e0 la qualit\u00e9, \u00e0 la solidit\u00e9, et \u00e0 la durabilit\u00e9 des relations bilat\u00e9rales qui unissent les deux pays voisins, nous consid\u00e9rons cet accueil comme un acte inacceptable et condamnable ainsi qu\u2019une provocation pure et simple envers le Royaume du Maroc\u00a0\u00bb, tout en appelant les \u00ab\u00a0sages de l\u2019Espagne\u00a0\u00bb \u00e0 prendre les mesures n\u00e9cessaires \u00e0 m\u00eame de pr\u00e9server les relations entre les deux pays.<\/p>\n<p>Quant \u00e0 Mohamed Moubdii, chef du groupe parlementaire du Mouvement populaire, il a d\u00e9nonc\u00e9 l\u2019accueil du d\u00e9nomm\u00e9 Brahim Ghali sous une fausse identit\u00e9 et avec la complicit\u00e9 de l\u2019Alg\u00e9rie, en invoquant des consid\u00e9rations humanitaires, alors que le chef des s\u00e9paratistes est accus\u00e9 de graves violations des droits de l\u2019Homme, de crimes contre l\u2019humanit\u00e9 et de violations flagrantes des droits des s\u00e9questr\u00e9s dans les camps de Tindouf.<\/p>\n<p>Pour Chokrane Amam, pr\u00e9sident du groupe de l\u2019Union socialiste des forces populaires, l\u2019accueil par l\u2019Espagne du chef du \u00ab\u00a0polisario\u00a0\u00bb en falsifiant son identit\u00e9 est une r\u00e9elle atteinte aux relations solides entre l\u2019Espagne et le Maroc, soulignant que ces relations ont pour fondement la d\u00e9fense des int\u00e9r\u00eats communs, le bon voisinage, la confiance et le respect mutuel.<\/p>\n<p>Le chef du gouvernement, Saad Dine El Otmani a exprim\u00e9, lui aussi, son regret suite \u00e0 l\u2019accueil par le voisin espagnol du chef des s\u00e9paratistes sous une fausse identit\u00e9, qualifiant cette attitude de contraire \u00e0 l\u2019esprit de partenariat et de bon voisinage. Il a pr\u00e9cis\u00e9 que le Maroc prend pleinement acte de ce comportement pour d\u00e9fendre ses droits, sa souverainet\u00e9 et ses int\u00e9r\u00eats.<\/p>\n<p>Auteur: M&rsquo;hammed rahal<br \/>\n<a href=\"http:\/\/albayane.press.ma\/les-parlementaires-denoncent-un-acte-inadmissible-et-attentatoire-aux-valeurs-de-bon-voisinage.html\">Cliquez ici pour lire l&rsquo;article depuis sa source.<\/a><\/p>\n","protected":false},"excerpt":{"rendered":"<p>L\u2019accueil par l\u2019Espagne du d\u00e9nomm\u00e9 Brahim Ghali L\u2019accueil par l\u2019Espagne du chef du front du \u00ab\u00a0polisario\u00a0\u00bb, le d\u00e9nomm\u00e9 Brahim Ghali est \u00ab\u00a0un acte inadmissible\u00a0\u00bb, qui porte atteinte aux valeurs du bon voisinage, ont affirm\u00e9, lundi, les repr\u00e9sentants de la majorit\u00e9 et de l\u2019opposition au sein de la Chambre des repr\u00e9sentants. Dans leurs interventions lors de [&hellip;]<\/p>\n","protected":false},"author":1760,"featured_media":0,"comment_status":"closed","ping_status":"closed","sticky":false,"template":"","format":"standard","meta":{"fifu_image_url":"","fifu_image_alt":"","footnotes":""},"categories":[73,54],"tags":[],"class_list":["post-116614","post","type-post","status-publish","format-standard","hentry","category-actualite","category-maroc"],"_links":{"self":[{"href":"https:\/\/linitiative.ca\/International\/wp-json\/wp\/v2\/posts\/116614","targetHints":{"allow":["GET"]}}],"collection":[{"href":"https:\/\/linitiative.ca\/International\/wp-json\/wp\/v2\/posts"}],"about":[{"href":"https:\/\/linitiative.ca\/International\/wp-json\/wp\/v2\/types\/post"}],"author":[{"embeddable":true,"href":"https:\/\/linitiative.ca\/International\/wp-json\/wp\/v2\/users\/1760"}],"replies":[{"embeddable":true,"href":"https:\/\/linitiative.ca\/International\/wp-json\/wp\/v2\/comments?post=116614"}],"version-history":[{"count":0,"href":"https:\/\/linitiative.ca\/International\/wp-json\/wp\/v2\/posts\/116614\/revisions"}],"wp:attachment":[{"href":"https:\/\/linitiative.ca\/International\/wp-json\/wp\/v2\/media?parent=116614"}],"wp:term":[{"taxonomy":"category","embeddable":true,"href":"https:\/\/linitiative.ca\/International\/wp-json\/wp\/v2\/categories?post=116614"},{"taxonomy":"post_tag","embeddable":true,"href":"https:\/\/linitiative.ca\/International\/wp-json\/wp\/v2\/tags?post=116614"}],"curies":[{"name":"wp","href":"https:\/\/api.w.org\/{rel}","templated":true}]}}