{"id":116615,"date":"2021-05-11T14:00:00","date_gmt":"2021-05-11T18:00:00","guid":{"rendered":"https:\/\/linitiative.ca\/International\/burundi-la-guinee-equatoriale-soutiennent-une-solution-durable-de-la-question-du-sahara\/"},"modified":"2021-05-11T14:00:00","modified_gmt":"2021-05-11T18:00:00","slug":"burundi-la-guinee-equatoriale-soutiennent-une-solution-durable-de-la-question-du-sahara","status":"publish","type":"post","link":"https:\/\/linitiative.ca\/International\/burundi-la-guinee-equatoriale-soutiennent-une-solution-durable-de-la-question-du-sahara\/","title":{"rendered":"Burundi la Guin\u00e9e \u00e9quatoriale soutiennent une solution durable de la question du Sahara"},"content":{"rendered":"<p class=\"has-text-align-center has-vivid-cyan-blue-color has-text-color\"><strong>Nasser Bourita s\u2019entretient avec ses homologues burundais et \u00e9quatoguin\u00e9en<\/strong><\/p>\n<p><strong>Le ministre des Affaires Etrang\u00e8res, de la Coop\u00e9ration Africaine et des Marocains R\u00e9sidant \u00e0 l\u2019Etranger, Nasser Bourita, a eu lundi un entretien par visioconf\u00e9rence avec le ministre des Affaires Etrang\u00e8res et de la Coop\u00e9ration au D\u00e9veloppement de la R\u00e9publique du Burundi, Albert Shingiro, dans le cadre des excellentes relations de solidarit\u00e9 et de concertation maroco-burundaises.<\/strong><\/p>\n<p>Lors de cet entretien, les deux ministres se sont r\u00e9jouis de la qualit\u00e9 des relations bilat\u00e9rales, marqu\u00e9es du sceau de la fraternit\u00e9 et de la solidarit\u00e9 gr\u00e2ce \u00e0 la volont\u00e9 \u00e9clair\u00e9e des Chefs d\u2019Etat des deux pays fr\u00e8res, indique un communiqu\u00e9 du minist\u00e8re des Affaires \u00e9trang\u00e8res, de la Coop\u00e9ration africaine et des Marocains r\u00e9sidant \u00e0 l\u2019\u00e9tranger.<\/p>\n<p>Ils ont \u00e9galement exprim\u00e9 leur satisfaction quant aux r\u00e9sultats fructueux des \u00e9changes de visites de haut niveau r\u00e9alis\u00e9s et qui devront \u00eatre traduits, \u00e9minemment, par l\u2019ouverture officielle d\u2019une Ambassade du Royaume du Maroc r\u00e9sidente au Burundi, poursuit la m\u00eame source.<\/p>\n<p>Les deux parties ont, par ailleurs, mis l\u2019accent sur l\u2019importance de promouvoir davantage des consultations politiques r\u00e9guli\u00e8res sur les questions bilat\u00e9rales, r\u00e9gionales et internationales d\u2019int\u00e9r\u00eat commun, tout en se f\u00e9licitant de la parfaite concordance de leurs points de vue par rapport aux diff\u00e9rents sujets abord\u00e9s.<\/p>\n<p>Fortement attach\u00e9e au principe du respect de la souverainet\u00e9 des Etats, la partie burundaise a r\u00e9it\u00e9r\u00e9 son appui aux initiatives du Secr\u00e9taire G\u00e9n\u00e9ral des Nations Unies et du Conseil de S\u00e9curit\u00e9 ainsi que celle du Royaume du Maroc devant mener \u00e0 un r\u00e8glement d\u00e9finitif du diff\u00e9rend autour du Sahara. Elle a \u00e9galement r\u00e9affirm\u00e9 son soutien au r\u00f4le exclusif des Nations Unies en vue de parvenir \u00e0 une solution politique durable de ce diff\u00e9rend et \u00e0 la D\u00e9cision 693 adopt\u00e9e par le Sommet de l\u2019UA \u00e0 Nouakchott en 2018.<\/p>\n<p>MM. Bourita et Shingiro ont \u00e9galement insist\u00e9 sur leur d\u00e9termination \u00e0 forger un partenariat ambitieux touchant \u00e0 de nombreux domaines de coop\u00e9ration, se r\u00e9jouissant, \u00e0 cet \u00e9gard, de l\u2019adoption par les deux pays de la feuille de route de coop\u00e9ration couvrant la p\u00e9riode 2021-2024.<\/p>\n<p>D\u2019autre part, le chef de la diplomatie marocaine s\u2019est entretenu lundi par visioconf\u00e9rence avec le ministre des Affaires \u00e9trang\u00e8res et de la Coop\u00e9ration de la R\u00e9publique de Guin\u00e9e \u00c9quatoriale, Sime\u00f3n Oyono Esono Angue, dans le cadre des excellentes relations bilat\u00e9rales d\u2019amiti\u00e9 et de coop\u00e9ration.<\/p>\n<p>Les deux ministres se sont f\u00e9licit\u00e9s, \u00e0 cette occasion, de l\u2019excellence des liens profonds d\u2019amiti\u00e9 et de solidarit\u00e9 qu\u2019entretiennent les deux pays, sous l\u2019impulsion de Sa Majest\u00e9 le Roi Mohammed VI et Son Fr\u00e8re Son Excellence le Pr\u00e9sident Teodoro Obiang Nguema Mbasogo, indique un communiqu\u00e9 du minist\u00e8re des Affaires \u00e9trang\u00e8res, de la Coop\u00e9ration africaine et des Marocains r\u00e9sidant \u00e0 l\u2019\u00e9tranger.<\/p>\n<p>\u00c9voquant la question du Sahara, M. Bourita a salu\u00e9 l\u2019appui ind\u00e9fectible apport\u00e9 par la Guin\u00e9e \u00c9quatoriale \u00e0 la marocanit\u00e9 du Sahara et son engagement louable \u00e0 soutenir les efforts visant \u00e0 trouver une solution durable \u00e0 ce diff\u00e9rend, dans le cadre de la souverainet\u00e9 du Royaume et sous l\u2019\u00e9gide exclusive de l\u2019Organisation des Nations Unies, tel qu\u2019ent\u00e9rin\u00e9 par la d\u00e9cision 693 adopt\u00e9e par le Sommet de l\u2019Union Africaine (UA) \u00e0 Nouakchott en 2018.<\/p>\n<p>M. Bourita s\u2019est \u00e9galement f\u00e9licit\u00e9 de l\u2019engagement de la Guin\u00e9e \u00c9quatoriale pour le soutien de l\u2019action du Maroc au sein de l\u2019UA et son appui, de mani\u00e8re concert\u00e9e et mutuelle, des candidatures marocaines et \u00e9quatoguin\u00e9ennes au niveau des instances r\u00e9gionales et internationales.<\/p>\n<p>Se f\u00e9licitant de la profondeur des liens de solidarit\u00e9 entre les deux pays fr\u00e8res, M. Sime\u00f3n Oyono Esono Angue a, de son c\u00f4t\u00e9, fait \u00e9galement fait part de l\u2019appui par son pays de la candidature du Maroc au poste de Commissaire de la<\/p>\n<p>Commission de l\u2019UA dans les domaines de l\u2019\u00e9ducation, de la science, la technologie et l\u2019Innovation.<br \/>Par ailleurs, les deux ministres ont soulign\u00e9 l\u2019int\u00e9r\u00eat port\u00e9 par les Chefs d\u2019\u00c9tat au d\u00e9veloppement des relations de partenariat \u00e9conomique entre les deux pays fr\u00e8res, dans le cadre d\u2019une nouvelle strat\u00e9gie de partenariat.<\/p>\n<p>Dans ce cadre, M. Bourita a marqu\u00e9 la disposition du Royaume \u00e0 accompagner la Guin\u00e9e \u00c9quatoriale dans la mise en \u0153uvre de sa strat\u00e9gie d\u2019industrialisation 2025 et des projets et programmes du Plan de d\u00e9veloppement \u00ab\u00a0Horizon 2035\u00a0\u00bb.<\/p>\n<p>Les deux parties ont \u00e9galement convenu de la tenue prochaine d\u2019un Forum \u00e9conomique et du renforcement des investissements marocains dans les secteurs cibl\u00e9s par la Guin\u00e9e \u00c9quatoriale, rel\u00e8ve le communiqu\u00e9.<\/p>\n<p>Elles ont soulign\u00e9, \u00e0 cet \u00e9gard, la n\u00e9cessit\u00e9 de la mise en place d\u2019un Conseil d\u2019Affaires Maroc-Guin\u00e9e \u00c9quatoriale afin de renforcer les \u00e9changes commerciaux entre les deux pays et tirer profit des perspectives \u00e9conomiques prometteuses li\u00e9es \u00e0 la pr\u00e9sence consulaire \u00e9quatoguin\u00e9enne \u00e0 Dakhla, appel\u00e9e \u00e0 devenir un p\u00f4le d\u2019excellence en mati\u00e8re d\u2019int\u00e9gration \u00e9conomique r\u00e9gionale.<\/p>\n<p>Auteur: M&rsquo;hammed rahal<br \/>\n<a href=\"http:\/\/albayane.press.ma\/burundi-la-guinee-equatoriale-soutiennent-une-solution-durable-de-la-question-du-sahara.html\">Cliquez ici pour lire l&rsquo;article depuis sa source.<\/a><\/p>\n","protected":false},"excerpt":{"rendered":"<p>Nasser Bourita s\u2019entretient avec ses homologues burundais et \u00e9quatoguin\u00e9en Le ministre des Affaires Etrang\u00e8res, de la Coop\u00e9ration Africaine et des Marocains R\u00e9sidant \u00e0 l\u2019Etranger, Nasser Bourita, a eu lundi un entretien par visioconf\u00e9rence avec le ministre des Affaires Etrang\u00e8res et de la Coop\u00e9ration au D\u00e9veloppement de la R\u00e9publique du Burundi, Albert Shingiro, dans le cadre [&hellip;]<\/p>\n","protected":false},"author":1760,"featured_media":0,"comment_status":"closed","ping_status":"closed","sticky":false,"template":"","format":"standard","meta":{"fifu_image_url":"","fifu_image_alt":"","footnotes":""},"categories":[73,54],"tags":[],"class_list":["post-116615","post","type-post","status-publish","format-standard","hentry","category-actualite","category-maroc"],"_links":{"self":[{"href":"https:\/\/linitiative.ca\/International\/wp-json\/wp\/v2\/posts\/116615","targetHints":{"allow":["GET"]}}],"collection":[{"href":"https:\/\/linitiative.ca\/International\/wp-json\/wp\/v2\/posts"}],"about":[{"href":"https:\/\/linitiative.ca\/International\/wp-json\/wp\/v2\/types\/post"}],"author":[{"embeddable":true,"href":"https:\/\/linitiative.ca\/International\/wp-json\/wp\/v2\/users\/1760"}],"replies":[{"embeddable":true,"href":"https:\/\/linitiative.ca\/International\/wp-json\/wp\/v2\/comments?post=116615"}],"version-history":[{"count":0,"href":"https:\/\/linitiative.ca\/International\/wp-json\/wp\/v2\/posts\/116615\/revisions"}],"wp:attachment":[{"href":"https:\/\/linitiative.ca\/International\/wp-json\/wp\/v2\/media?parent=116615"}],"wp:term":[{"taxonomy":"category","embeddable":true,"href":"https:\/\/linitiative.ca\/International\/wp-json\/wp\/v2\/categories?post=116615"},{"taxonomy":"post_tag","embeddable":true,"href":"https:\/\/linitiative.ca\/International\/wp-json\/wp\/v2\/tags?post=116615"}],"curies":[{"name":"wp","href":"https:\/\/api.w.org\/{rel}","templated":true}]}}