{"id":116616,"date":"2021-05-11T14:00:00","date_gmt":"2021-05-11T18:00:00","guid":{"rendered":"https:\/\/linitiative.ca\/International\/le-realisme-marocain\/"},"modified":"2021-05-11T14:00:00","modified_gmt":"2021-05-11T18:00:00","slug":"le-realisme-marocain","status":"publish","type":"post","link":"https:\/\/linitiative.ca\/International\/le-realisme-marocain\/","title":{"rendered":"Le r\u00e9alisme marocain !"},"content":{"rendered":"<p class=\"has-text-align-center has-vivid-cyan-blue-color has-text-color\"><strong>A vrai dire<\/strong><\/p>\n<p class=\"has-text-align-right\"><strong>Saoudi El Amalki<\/strong><\/p>\n<p><strong>Il ne fait jamais de doute que le continent africain draine la convoitise de nombre de puissances mondiales et suscite leur envie de \u00ab s\u2019y installer \u00bb afin d\u2019en tirer profit. Renfermant un \u00e9norme gisement naturel et consid\u00e9r\u00e9e comme un espace inexplor\u00e9 et quasiment inexploit\u00e9, l\u2019Afrique est per\u00e7ue pour \u00eatre un r\u00e9el dessein strat\u00e9gique pouvant recarder le trend de la supr\u00e9matie en mati\u00e8re d\u2019\u00e9conomie et de finance. Ceci \u00e9tant, on ne s\u2019\u00e9tonnera pas si les \u00c9tats-Unis, la Chine, la Russie ou encore la France et l\u2019Espagne se croisent le fer pour s\u2019adjuger leur quote-part dans cette \u00abvirginit\u00e9\u00bb juteuse, \u00e0 couteaux tir\u00e9s. Longtemps rel\u00e9gu\u00e9 \u00e0 l\u2019arri\u00e8re plan, apr\u00e8s s\u2019\u00eatre hiss\u00e9 au devant de la sc\u00e8ne, lors de l\u2019\u00e8re de la lib\u00e9ration nationale contre le joug colonial dans l\u2019aire africaine, aux c\u00f4t\u00e9s des grands leaders de la n\u00e9gritude, notre pays se ressaisissait pour redorer son blason africain en r\u00e9int\u00e9grant l\u2019institution unitaire supr\u00eame et en se positionnant en leadership, \u00e0 travers l\u2019instigation visionnaire sud-sud et la conduite \u00e9difiante gagnant-gagnant.<\/strong><\/p>\n<p>Il faudrait bien dire que cette nouvelle approche pr\u00f4n\u00e9e par le royaume a trouv\u00e9 \u00e9chos non seulement au sein des alliances traditionnelles tel que le S\u00e9n\u00e9gal, la C\u00f4te d\u2019ivoire, le Gabon, le Mali ou encore le Niger, le Cameroun, mais aussi aupr\u00e8s de ses pairs ayant constamment affich\u00e9 leur hostilit\u00e9 vis-\u00e0-vis de notre int\u00e9grit\u00e9 territoriale, comme le Nig\u00e9ria avec lequel notre pays m\u00e8ne de concert un projet de haute envergure, relatif \u00e0 la mise en place d\u2019un gazoduc, reliant les deux nations initiatrices et s\u2019\u00e9tendant sur maints pays africains. D\u00e8s lors, notre pays, par le biais du Souverain, s\u2019est attel\u00e9 \u00e0 jalonner une s\u00e9rie de capitales du continent pour pr\u00eacher la paroisse d\u2019une nouvelle Afrique revigorante.<\/p>\n<p>\u00c9tant convaincue du r\u00e9alisme et surtout de la sagesse du Roi qui reprenait vaillamment son b\u00e2ton de p\u00e8lerin, h\u00e9rit\u00e9 de son Auguste Feu P\u00e8re, une cinquantaine de nations africaines se voit induite en erreur et s\u2019empresse \u00e0 renoncer sans regret, \u00e0 la reconnaissance du ramassis fictif, \u00e9rig\u00e9 d\u00e9sesp\u00e9r\u00e9ment en guignol par les galonn\u00e9s alg\u00e9riens. Aujourd\u2019hui, par la clairvoyance de sa diplomatie et la consistance de sa th\u00e8se dont la justesse visible \u00e0 l\u2019\u0153il nu, il ne fait que convaincre les plus r\u00e9calcitrants de la communaut\u00e9 plan\u00e9taire. Le camouflet que ne cessent d\u2019essuyer les s\u00e9paratistes,\u00a0 fait perdre le nord \u00e0 leurs prot\u00e9g\u00e9s d\u00e9savou\u00e9s dont le soul\u00e8vement du peuple revendiquant, \u00e0 tue-t\u00eate tous les vendredis, la descente de la junte agonisante. Pis encore, ils n\u2019ont pas froid aux yeux de falsifier le passeport du chef terroriste, \u00ab tromper \u00bb\u00a0 la vigilance de l\u2019autorit\u00e9 ib\u00e9rique et se payer la t\u00eate de toute l\u2019instance universelle, par cet acte odieux.<\/p>\n<p>Devant ce vil scandale, l\u2019Espagne \u00ab se r\u00e9fugie \u00bb vainement derri\u00e8re l\u2019alibi des \u00ab consid\u00e9rations humanitaires \u00bb qui tourne au vinaigre, face \u00e0 la riposte des partisans des droits humains d\u2019aussi bien ses compatriotes victimes d\u2019infamies caus\u00e9es par le tortionnaire patient que bien d\u2019autres d\u2019ailleurs. Pourquoi le voisin du nord, devrait-il s\u2019\u00e9vertuer \u00e0 se d\u00e9rober devant une telle mascarade, alors qu\u2019elle finit par se fourrer le doigt dans l\u2019\u0153il ? Sans doute, s\u2019agace-elle du voisin du sud qui n\u2019arr\u00eate\u00a0 pas de se faire entourer de \u00ab sympathie \u00bb, \u00e0 travers les victoires diplomatiques et les prouesses \u00e9conomiques. Une vraie menace qui g\u00eane nos amis espagnols et les couvre de d\u00e9rision, dans la sc\u00e8ne internationale. Le rapprochement isra\u00e9lo am\u00e9ricain en embuscade, la militarisation marocaine en ascendance, le d\u00e9nouement imminent de la cause nationale en crescendo, l\u2019africanit\u00e9 av\u00e9r\u00e9e du royaume en plein essor\u2026, autant de donnes qui effraient s\u00e9rieusement l\u2019Espagne et risquent de d\u00e9poussi\u00e9rer les dossiers en suspens dont celui des pr\u00e9sides du Nord encore sous spoliation !<\/p>\n<p>Auteur: M&rsquo;hammed rahal<br \/>\n<a href=\"http:\/\/albayane.press.ma\/le-realisme-marocain.html\">Cliquez ici pour lire l&rsquo;article depuis sa source.<\/a><\/p>\n","protected":false},"excerpt":{"rendered":"<p>A vrai dire Saoudi El Amalki Il ne fait jamais de doute que le continent africain draine la convoitise de nombre de puissances mondiales et suscite leur envie de \u00ab s\u2019y installer \u00bb afin d\u2019en tirer profit. Renfermant un \u00e9norme gisement naturel et consid\u00e9r\u00e9e comme un espace inexplor\u00e9 et quasiment inexploit\u00e9, l\u2019Afrique est per\u00e7ue pour [&hellip;]<\/p>\n","protected":false},"author":1760,"featured_media":0,"comment_status":"closed","ping_status":"closed","sticky":false,"template":"","format":"standard","meta":{"fifu_image_url":"","fifu_image_alt":"","footnotes":""},"categories":[73,54],"tags":[],"class_list":["post-116616","post","type-post","status-publish","format-standard","hentry","category-actualite","category-maroc"],"_links":{"self":[{"href":"https:\/\/linitiative.ca\/International\/wp-json\/wp\/v2\/posts\/116616","targetHints":{"allow":["GET"]}}],"collection":[{"href":"https:\/\/linitiative.ca\/International\/wp-json\/wp\/v2\/posts"}],"about":[{"href":"https:\/\/linitiative.ca\/International\/wp-json\/wp\/v2\/types\/post"}],"author":[{"embeddable":true,"href":"https:\/\/linitiative.ca\/International\/wp-json\/wp\/v2\/users\/1760"}],"replies":[{"embeddable":true,"href":"https:\/\/linitiative.ca\/International\/wp-json\/wp\/v2\/comments?post=116616"}],"version-history":[{"count":0,"href":"https:\/\/linitiative.ca\/International\/wp-json\/wp\/v2\/posts\/116616\/revisions"}],"wp:attachment":[{"href":"https:\/\/linitiative.ca\/International\/wp-json\/wp\/v2\/media?parent=116616"}],"wp:term":[{"taxonomy":"category","embeddable":true,"href":"https:\/\/linitiative.ca\/International\/wp-json\/wp\/v2\/categories?post=116616"},{"taxonomy":"post_tag","embeddable":true,"href":"https:\/\/linitiative.ca\/International\/wp-json\/wp\/v2\/tags?post=116616"}],"curies":[{"name":"wp","href":"https:\/\/api.w.org\/{rel}","templated":true}]}}