{"id":116617,"date":"2021-05-11T14:00:00","date_gmt":"2021-05-11T18:00:00","guid":{"rendered":"https:\/\/linitiative.ca\/International\/la-france-met-a-lhonneur-un-goumier-marocain-age-de-103-ans\/"},"modified":"2021-05-11T14:00:00","modified_gmt":"2021-05-11T18:00:00","slug":"la-france-met-a-lhonneur-un-goumier-marocain-age-de-103-ans","status":"publish","type":"post","link":"https:\/\/linitiative.ca\/International\/la-france-met-a-lhonneur-un-goumier-marocain-age-de-103-ans\/","title":{"rendered":"La France met \u00e0 l\u2019honneur un goumier marocain \u00e2g\u00e9 de 103 ans"},"content":{"rendered":"<p class=\"has-text-align-center has-vivid-red-color has-text-color\"><strong>Comm\u00e9moration du 8 mai 1945<\/strong><\/p>\n<p><strong>A l\u2019 occasion de la comm\u00e9moration du 8 mai 1945, qui c\u00e9l\u00e8bre la victoire des Alli\u00e9s sur l\u2019Allemagne nazie, la France met \u00e0 l\u2019honneur Hammou Moussik, un goumier marocain \u00e2g\u00e9 de 103 ans.<\/strong><\/p>\n<p>Selon le Figaro, une plaque donnant son nom \u00e0 l\u2019une des all\u00e9es du parc du consulat g\u00e9n\u00e9ral de France \u00e0 Casablanca sera d\u00e9voil\u00e9e samedi, en la pr\u00e9sence de Hammou Moussik, qui \u00e9tait engag\u00e9 aux c\u00f4t\u00e9s des soldats fran\u00e7ais durant la Seconde Guerre mondiale.<\/p>\n<p>La c\u00e9r\u00e9monie se tiendra en pr\u00e9sence de l\u2019ambassadrice de France au Maroc, H\u00e9l\u00e8ne Le Gal, du Consul g\u00e9n\u00e9ral de France \u00e0 Casablanca, Serge Mucetti, mais aussi de nombreuses personnalit\u00e9s marocaines et fran\u00e7aises.<\/p>\n<p>Muriel Baggio, directrice du service local de l\u2019Office national des anciens combattants et victimes de guerre, organisme tr\u00e8s actif dans le soutien aux Marocains ayant combattu pour la France, y prendra \u00e9galement part, ajoute le journal.<\/p>\n<p>Cette c\u00e9r\u00e9monie, souligne le Figaro, rev\u00eat une triple dimension. D\u2019abord historique, car \u00ab\u00a0elle c\u00e9l\u00e8bre la fraternit\u00e9 d\u2019armes franco-marocaine dans un pays dont le futur Roi, Mohammed V, fut d\u00e9cor\u00e9 par le g\u00e9n\u00e9ral de Gaulle de la croix de la Lib\u00e9ration selon la formule c\u00e9l\u00e8bre: \u00abNous vous reconnaissons comme notre compagnon pour la Lib\u00e9ration de la France dans l\u2019honneur et par la victoire\u00bb \u00bb.<\/p>\n<p>Elle est aussi l\u2019occasion de \u00ab\u00a0transmettre la flamme\u00a0\u00bb. Des \u00e9l\u00e8ves vont assister \u00e0 la c\u00e9r\u00e9monie au cours de laquelle sera diffus\u00e9 le film Baroud : De l\u2019Atlas \u00e0 l\u2019Alsace, 1943-1945, r\u00e9alis\u00e9 par la section audiovisuelle du lyc\u00e9e Lyautey.<\/p>\n<p>Enfin, le bapt\u00eame de Casablanca r\u00e9pond \u00e0 l\u2019appel lanc\u00e9 le 15 ao\u00fbt 2019 par le Pr\u00e9sident Emmanuel Macron \u00e0 l\u2019occasion des comm\u00e9morations des 75 ans du d\u00e9barquement de Provence, aux maires de France pour qu\u2019ils fassent vivre par le nom les rues et les places de France \u00e0 la m\u00e9moire de ces valeureux hommes qui rendent fiers toute l\u2019Afrique, poursuit le journal.<\/p>\n<p>N\u00e9 en 1918, Hammou Moussik s\u2019est engag\u00e9 en 1941, avant d\u2019\u00eatre dirig\u00e9 sur le front tunisien de janvier \u00e0 mai 1943. Il rejoint le 2e groupe de tabors marocains, sous les ordres du l\u00e9gendaire Pierre Boyer de Latour. Il participe \u00e0 la lib\u00e9ration de la Corse en septembre 1943. Puis l\u2019\u00eele d\u2019Elbe en juin 1944. Le 19 ao\u00fbt 1944, il d\u00e9barque \u00e0 Marseille et remonte la vall\u00e9e du Rh\u00f4ne vers le froid et les combats des Vosges, qui marqueront les goumiers dans leur chair.<\/p>\n<p>Le 18 novembre, il est cit\u00e9 \u00e0 l\u2019ordre du groupe par Pierre Boyer de Latour, car il \u00abs\u2019est particuli\u00e8rement distingu\u00e9 au combat de Ramonchamp (Vosges), le 8 octobre 1944, contribuant par son action personnelle \u00e0 la mise en fuite d\u2019un d\u00e9tachement allemand et \u00e0 la capture de sa mitrailleuse\u00bb.<\/p>\n<p>Hammou Moussik finit la guerre contre le nazisme en Allemagne. C\u2019est ensuite l\u2019Indochine, \u00e0 partir de juin 1950, et une citation \u00e0 l\u2019ordre de l\u2019arm\u00e9e, le 29 janvier 1951. En 1952, il quitte l\u2019arm\u00e9e et devient policier \u00e0 Casablanca.<\/p>\n<p>Croix de guerre 1939-1945 (avec \u00e9toile de bronze) et croix de guerre des Th\u00e9\u00e2tres d\u2019op\u00e9rations ext\u00e9rieurs (TOE), avec palme, il est officier de la L\u00e9gion d\u2019honneur depuis 2013.<\/p>\n<p>Auteur: M&rsquo;hammed rahal<br \/>\n<a href=\"http:\/\/albayane.press.ma\/la-france-met-a-lhonneur-un-goumier-marocain-age-de-103-ans.html\">Cliquez ici pour lire l&rsquo;article depuis sa source.<\/a><\/p>\n","protected":false},"excerpt":{"rendered":"<p>Comm\u00e9moration du 8 mai 1945 A l\u2019 occasion de la comm\u00e9moration du 8 mai 1945, qui c\u00e9l\u00e8bre la victoire des Alli\u00e9s sur l\u2019Allemagne nazie, la France met \u00e0 l\u2019honneur Hammou Moussik, un goumier marocain \u00e2g\u00e9 de 103 ans. Selon le Figaro, une plaque donnant son nom \u00e0 l\u2019une des all\u00e9es du parc du consulat g\u00e9n\u00e9ral [&hellip;]<\/p>\n","protected":false},"author":1760,"featured_media":0,"comment_status":"closed","ping_status":"closed","sticky":false,"template":"","format":"standard","meta":{"fifu_image_url":"","fifu_image_alt":"","footnotes":""},"categories":[73,54],"tags":[],"class_list":["post-116617","post","type-post","status-publish","format-standard","hentry","category-actualite","category-maroc"],"_links":{"self":[{"href":"https:\/\/linitiative.ca\/International\/wp-json\/wp\/v2\/posts\/116617","targetHints":{"allow":["GET"]}}],"collection":[{"href":"https:\/\/linitiative.ca\/International\/wp-json\/wp\/v2\/posts"}],"about":[{"href":"https:\/\/linitiative.ca\/International\/wp-json\/wp\/v2\/types\/post"}],"author":[{"embeddable":true,"href":"https:\/\/linitiative.ca\/International\/wp-json\/wp\/v2\/users\/1760"}],"replies":[{"embeddable":true,"href":"https:\/\/linitiative.ca\/International\/wp-json\/wp\/v2\/comments?post=116617"}],"version-history":[{"count":0,"href":"https:\/\/linitiative.ca\/International\/wp-json\/wp\/v2\/posts\/116617\/revisions"}],"wp:attachment":[{"href":"https:\/\/linitiative.ca\/International\/wp-json\/wp\/v2\/media?parent=116617"}],"wp:term":[{"taxonomy":"category","embeddable":true,"href":"https:\/\/linitiative.ca\/International\/wp-json\/wp\/v2\/categories?post=116617"},{"taxonomy":"post_tag","embeddable":true,"href":"https:\/\/linitiative.ca\/International\/wp-json\/wp\/v2\/tags?post=116617"}],"curies":[{"name":"wp","href":"https:\/\/api.w.org\/{rel}","templated":true}]}}