{"id":116624,"date":"2021-05-12T05:30:00","date_gmt":"2021-05-12T09:30:00","guid":{"rendered":"https:\/\/linitiative.ca\/International\/la-lutte-se-poursuivra-jusqua-lindependance\/"},"modified":"2021-05-12T05:30:00","modified_gmt":"2021-05-12T09:30:00","slug":"la-lutte-se-poursuivra-jusqua-lindependance","status":"publish","type":"post","link":"https:\/\/linitiative.ca\/International\/la-lutte-se-poursuivra-jusqua-lindependance\/","title":{"rendered":"La lutte se poursuivra jusqu\u2019\u00e0 l\u2019ind\u00e9pendance"},"content":{"rendered":"<div id=\"originalText\" readability=\"84\">\n<p><strong>Le secr\u00e9taire g\u00e9n\u00e9ral du minist\u00e8re sahraoui de la S\u00e9curit\u00e9 et de la Documentation,\u00a0Sidi Oukal, a affirm\u00e9 lundi que la lutte arm\u00e9e se poursuivra jusqu\u2019au recouvrement\u00a0par le peuple sahraoui de sa souverainet\u00e9 sur l\u2019ensemble de ses territoires.\u00a0<\/strong><\/p>\n<p>Dans une d\u00e9claration \u00e0 l\u2019APS, \u00e0 l\u2019occasion de la c\u00e9l\u00e9bration du 48e anniversaire de la cr\u00e9ation du Front Polisario, M. Oukal a pr\u00e9cis\u00e9 que le Front Polisario, qui a \u00e9t\u00e9 cr\u00e9\u00e9 en mai 1973, a \u201cr\u00e9ussi \u00e0 b\u00e2tir une arm\u00e9e int\u00e9gr\u00e9e et dot\u00e9e de moyens consid\u00e9rables\u201d.\u00a0 \u201cL\u2019arm\u00e9e sahraouie a une grande exp\u00e9rience du combat militaire, et le secret de sa force r\u00e9side dans sa doctrine fond\u00e9e sur le devoir national pour la lib\u00e9ration de ses territoires\u201d, a-t-il soutenu.\u00a0<\/p>\n<p>Et de rappeler que \u201cl\u2019arm\u00e9e sahraouie a d\u2019abord lutt\u00e9 contre la colonisation espagnole puis contre l\u2019occupation marocaine, infligeant \u00e0 l\u2019arm\u00e9e marocaine d\u2019\u00e9normes pertes dans des batailles men\u00e9es, seize ann\u00e9es durant, et aboutissant \u00e0 sa reconnaissance du droit du peuple sahraoui \u00e0 l\u2019autod\u00e9termination \u00e0 la signature d\u2019un accord de cessez-le-feu\u201d.\u00a0 \u201cApr\u00e8s de longues ann\u00e9es d\u2019attente et d\u2019atermoiements du Maroc, qui n\u2019a pas tenu ses engagements quant \u00e0 l\u2019organisation d\u2019un r\u00e9f\u00e9rendum d\u2019autod\u00e9termination, l\u2019arm\u00e9e sahraouie a repris la lutte arm\u00e9e en riposte \u00e0 la violation marocaine du cessez-le-feu, le 13 novembre 2020\u201d, a poursuivi le responsable sahraoui. \u201cUne deuxi\u00e8me guerre de lib\u00e9ration au cours de laquelle l\u2019arm\u00e9e sahraouie a d\u00e9montr\u00e9 des aptitudes de combat exceptionnelles et une d\u00e9termination in\u00e9branlable \u00e0 lib\u00e9rer la patrie\u201d, a-t-il soulign\u00e9. \u201cDepuis le retour \u00e0 la guerre, il ne se passe pas un jour sans que des combats ne soient men\u00e9s contre les forces marocaines qui ont subi des pertes importantes sur les plans humain, mat\u00e9riel et moral en premier lieu.\u201d\u00a0 Sidi Oukal a \u00e9galement promis de faire subir \u00e0 l\u2019arm\u00e9e marocaine d\u2019autres d\u00e9faites, affirmant que \u201cnotre bataille se poursuivra et s\u2019intensifiera\u201d.\u00a0<\/p>\n<p>Le SG du minist\u00e8re sahraoui a \u00e9voqu\u00e9 l\u2019\u00e9tat de \u201cconfusion\u201d dans lequel se trouve la diplomatie marocaine, en raison des pertes inflig\u00e9es \u00e0 l\u2019arm\u00e9e d\u2019occupation marocaine sur le terrain, rappelant \u201cla politique d\u2019hostilit\u00e9 adopt\u00e9e contre ses voisins et contre de nombreux pays du monde, \u00e0 l\u2019instar de l\u2019Allemagne et l\u2019Iran\u201d.\u00a0<\/p>\n<p>Il a \u00e9galement indiqu\u00e9 que le Maroc, en violant l\u2019accord de cessez-le-feu, \u201ca commis une grave erreur, car l\u2019arm\u00e9e sahraouie est tout \u00e0 fait pr\u00eate \u00e0 expulser le dernier soldat marocain et \u00e0 b\u00e2tir son \u00c9tat ind\u00e9pendant sur l\u2019ensemble de ses territoires\u201d.\u00a0 S\u2019adressant \u00e0 la communaut\u00e9 internationale, Sidi Oukal a soulign\u00e9 que \u201cle monde entier doit se rendre compte que le peuple sahraoui s\u2019attache \u00e0 son droit inali\u00e9nable de recouvrer sa souverainet\u00e9 sur l\u2019ensemble de ses territoires\u201d, r\u00e9affirmant que \u201cla bataille se poursuit et s\u2019intensifie jour apr\u00e8s jour\u201d. \u201cNous menons une guerre populaire de longue haleine\u201d, a-t-il ajout\u00e9, soulignant que \u201ctout le peuple sahraoui demeure fermement attach\u00e9 \u00e0 son droit \u00e0 l\u2019autod\u00e9termination, d\u2019o\u00f9 la force de l\u2019arm\u00e9e sahraouie qui r\u00e9side dans son combat pacifique dans les villes occup\u00e9es\u201d.\u00a0<\/p>\n<p class=\"c6\"><strong>R. I.\/APS<\/strong><\/p>\n<\/div>\n<div id=\"text_core\" readability=\"84\">\n<p><strong>Le secr\u00e9taire g\u00e9n\u00e9ral du minist\u00e8re sahraoui de la S\u00e9curit\u00e9 et de la Documentation,\u00a0Sidi Oukal, a affirm\u00e9 lundi que la lutte arm\u00e9e se poursuivra jusqu\u2019au recouvrement\u00a0par le peuple sahraoui de sa souverainet\u00e9 sur l\u2019ensemble de ses territoires.\u00a0<\/strong><\/p>\n<p>Dans une d\u00e9claration \u00e0 l\u2019APS, \u00e0 l\u2019occasion de la c\u00e9l\u00e9bration du 48e anniversaire de la cr\u00e9ation du Front Polisario, M. Oukal a pr\u00e9cis\u00e9 que le Front Polisario, qui a \u00e9t\u00e9 cr\u00e9\u00e9 en mai 1973, a \u201cr\u00e9ussi \u00e0 b\u00e2tir une arm\u00e9e int\u00e9gr\u00e9e et dot\u00e9e de moyens consid\u00e9rables\u201d.\u00a0 \u201cL\u2019arm\u00e9e sahraouie a une grande exp\u00e9rience du combat militaire, et le secret de sa force r\u00e9side dans sa doctrine fond\u00e9e sur le devoir national pour la lib\u00e9ration de ses territoires\u201d, a-t-il soutenu.\u00a0<\/p>\n<p>Et de rappeler que \u201cl\u2019arm\u00e9e sahraouie a d\u2019abord lutt\u00e9 contre la colonisation espagnole puis contre l\u2019occupation marocaine, infligeant \u00e0 l\u2019arm\u00e9e marocaine d\u2019\u00e9normes pertes dans des batailles men\u00e9es, seize ann\u00e9es durant, et aboutissant \u00e0 sa reconnaissance du droit du peuple sahraoui \u00e0 l\u2019autod\u00e9termination \u00e0 la signature d\u2019un accord de cessez-le-feu\u201d.\u00a0 \u201cApr\u00e8s de longues ann\u00e9es d\u2019attente et d\u2019atermoiements du Maroc, qui n\u2019a pas tenu ses engagements quant \u00e0 l\u2019organisation d\u2019un r\u00e9f\u00e9rendum d\u2019autod\u00e9termination, l\u2019arm\u00e9e sahraouie a repris la lutte arm\u00e9e en riposte \u00e0 la violation marocaine du cessez-le-feu, le 13 novembre 2020\u201d, a poursuivi le responsable sahraoui. \u201cUne deuxi\u00e8me guerre de lib\u00e9ration au cours de laquelle l\u2019arm\u00e9e sahraouie a d\u00e9montr\u00e9 des aptitudes de combat exceptionnelles et une d\u00e9termination in\u00e9branlable \u00e0 lib\u00e9rer la patrie\u201d, a-t-il soulign\u00e9. \u201cDepuis le retour \u00e0 la guerre, il ne se passe pas un jour sans que des combats ne soient men\u00e9s contre les forces marocaines qui ont subi des pertes importantes sur les plans humain, mat\u00e9riel et moral en premier lieu.\u201d\u00a0 Sidi Oukal a \u00e9galement promis de faire subir \u00e0 l\u2019arm\u00e9e marocaine d\u2019autres d\u00e9faites, affirmant que \u201cnotre bataille se poursuivra et s\u2019intensifiera\u201d.\u00a0<\/p>\n<p>Le SG du minist\u00e8re sahraoui a \u00e9voqu\u00e9 l\u2019\u00e9tat de \u201cconfusion\u201d dans lequel se trouve la diplomatie marocaine, en raison des pertes inflig\u00e9es \u00e0 l\u2019arm\u00e9e d\u2019occupation marocaine sur le terrain, rappelant \u201cla politique d\u2019hostilit\u00e9 adopt\u00e9e contre ses voisins et contre de nombreux pays du monde, \u00e0 l\u2019instar de l\u2019Allemagne et l\u2019Iran\u201d.\u00a0<\/p>\n<p>Il a \u00e9galement indiqu\u00e9 que le Maroc, en violant l\u2019accord de cessez-le-feu, \u201ca commis une grave erreur, car l\u2019arm\u00e9e sahraouie est tout \u00e0 fait pr\u00eate \u00e0 expulser le dernier soldat marocain et \u00e0 b\u00e2tir son \u00c9tat ind\u00e9pendant sur l\u2019ensemble de ses territoires\u201d.\u00a0 S\u2019adressant \u00e0 la communaut\u00e9 internationale, Sidi Oukal a soulign\u00e9 que \u201cle monde entier doit se rendre compte que le peuple sahraoui s\u2019attache \u00e0 son droit inali\u00e9nable de recouvrer sa souverainet\u00e9 sur l\u2019ensemble de ses territoires\u201d, r\u00e9affirmant que \u201cla bataille se poursuit et s\u2019intensifie jour apr\u00e8s jour\u201d. \u201cNous menons une guerre populaire de longue haleine\u201d, a-t-il ajout\u00e9, soulignant que \u201ctout le peuple sahraoui demeure fermement attach\u00e9 \u00e0 son droit \u00e0 l\u2019autod\u00e9termination, d\u2019o\u00f9 la force de l\u2019arm\u00e9e sahraouie qui r\u00e9side dans son combat pacifique dans les villes occup\u00e9es\u201d.\u00a0<\/p>\n<p class=\"c6\"><strong>R. I.\/APS<\/strong><\/p>\n<\/div>\n<p>Auteur:<br \/>\n<a href=\"https:\/\/www.liberte-algerie.com\/international\/la-lutte-se-poursuivra-jusqua-lindependance-358660\">Cliquez ici pour lire l&rsquo;article depuis sa source.<\/a><\/p>\n","protected":false},"excerpt":{"rendered":"<p>Le secr\u00e9taire g\u00e9n\u00e9ral du minist\u00e8re sahraoui de la S\u00e9curit\u00e9 et de la Documentation,\u00a0Sidi Oukal, a affirm\u00e9 lundi que la lutte arm\u00e9e se poursuivra jusqu\u2019au recouvrement\u00a0par le peuple sahraoui de sa souverainet\u00e9 sur l\u2019ensemble de ses territoires.\u00a0 Dans une d\u00e9claration \u00e0 l\u2019APS, \u00e0 l\u2019occasion de la c\u00e9l\u00e9bration du 48e anniversaire de la cr\u00e9ation du Front Polisario, [&hellip;]<\/p>\n","protected":false},"author":1742,"featured_media":0,"comment_status":"closed","ping_status":"closed","sticky":false,"template":"","format":"standard","meta":{"fifu_image_url":"","fifu_image_alt":"","footnotes":""},"categories":[73,53],"tags":[],"class_list":["post-116624","post","type-post","status-publish","format-standard","hentry","category-actualite","category-algerie"],"_links":{"self":[{"href":"https:\/\/linitiative.ca\/International\/wp-json\/wp\/v2\/posts\/116624","targetHints":{"allow":["GET"]}}],"collection":[{"href":"https:\/\/linitiative.ca\/International\/wp-json\/wp\/v2\/posts"}],"about":[{"href":"https:\/\/linitiative.ca\/International\/wp-json\/wp\/v2\/types\/post"}],"author":[{"embeddable":true,"href":"https:\/\/linitiative.ca\/International\/wp-json\/wp\/v2\/users\/1742"}],"replies":[{"embeddable":true,"href":"https:\/\/linitiative.ca\/International\/wp-json\/wp\/v2\/comments?post=116624"}],"version-history":[{"count":0,"href":"https:\/\/linitiative.ca\/International\/wp-json\/wp\/v2\/posts\/116624\/revisions"}],"wp:attachment":[{"href":"https:\/\/linitiative.ca\/International\/wp-json\/wp\/v2\/media?parent=116624"}],"wp:term":[{"taxonomy":"category","embeddable":true,"href":"https:\/\/linitiative.ca\/International\/wp-json\/wp\/v2\/categories?post=116624"},{"taxonomy":"post_tag","embeddable":true,"href":"https:\/\/linitiative.ca\/International\/wp-json\/wp\/v2\/tags?post=116624"}],"curies":[{"name":"wp","href":"https:\/\/api.w.org\/{rel}","templated":true}]}}