{"id":116625,"date":"2021-05-12T05:30:00","date_gmt":"2021-05-12T09:30:00","guid":{"rendered":"https:\/\/linitiative.ca\/International\/une-vingtaine-de-terroristes-abattus\/"},"modified":"2021-05-12T05:30:00","modified_gmt":"2021-05-12T09:30:00","slug":"une-vingtaine-de-terroristes-abattus","status":"publish","type":"post","link":"https:\/\/linitiative.ca\/International\/une-vingtaine-de-terroristes-abattus\/","title":{"rendered":"Une vingtaine de terroristes abattus"},"content":{"rendered":"<div id=\"originalText\" readability=\"80\">\n<p>Au moins une vingtaine de jihadistes ont \u00e9t\u00e9 tu\u00e9s et quatre bases \u201cterroristes\u201d d\u00e9truites depuis le lancement le 5 mai d\u2019une op\u00e9ration antijihadiste dans les r\u00e9gions du Nord et du Sahel du Burkina Faso, a annonc\u00e9 hier l\u2019arm\u00e9e burkinab\u00e8.\u00a0<\/p>\n<p>Le 5 mai, \u201cles forces arm\u00e9es nationales ont lanc\u00e9 une op\u00e9ration d\u2019envergure dans les r\u00e9gions du Nord et du Sahel afin de d\u00e9loger les groupes arm\u00e9s terroristes qui y s\u00e9vissent\u201d, a indiqu\u00e9 l\u2019\u00e9tat-major dans un communiqu\u00e9, ajoutant que cette op\u00e9ration vise \u00e9galement \u201c\u00e0 rassurer les populations\u201d.<\/p>\n<p>D\u00e9nomm\u00e9e Houn\u00e9 \u2013 Dignit\u00e9 en langue peule \u2013, cette op\u00e9ration, toujours en cours, \u201cmobilise les unit\u00e9s conventionnelles et sp\u00e9ciales de l\u2019arm\u00e9e de terre, de l\u2019arm\u00e9e de l\u2019air et de la gendarmerie nationale\u201d.\u00a0<\/p>\n<p>Elle va \u201cs\u2019\u00e9taler sur plus d\u2019un mois\u201d et a d\u00e9j\u00e0 \u201cpermis de neutraliser plus d\u2019une vingtaine de terroristes\u201d et de d\u00e9truire \u201cquatre bases ou positions des groupes arm\u00e9s\u201d, a expliqu\u00e9 \u00e0 l\u2019AFP une source s\u00e9curitaire de haut rang. \u201cDes moyens de communication, de l\u2019armement, des munitions et des moyens roulants ont \u00e9t\u00e9 r\u00e9cup\u00e9r\u00e9s par les forces arm\u00e9es\u201d, a pr\u00e9cis\u00e9 cette source.<\/p>\n<p>\u00a0 Malgr\u00e9 l\u2019annonce de nombreuses op\u00e9rations de ce type, les forces de s\u00e9curit\u00e9 burkinab\u00e8 peinent \u00e0 enrayer la spirale de violences jihadistes.\u00a0 Samedi, trois civils ont \u00e9t\u00e9 tu\u00e9s \u00e0 Tin-akoff, dans la r\u00e9gion du Nord du Burkina Faso, o\u00f9 le m\u00eame jour un engin improvis\u00e9 a explos\u00e9 au passage d\u2019une unit\u00e9 du d\u00e9tachement militaire de Mansila, qui effectuait une mission d\u2019escorte. Bilan : trois soldats bless\u00e9s.<\/p>\n<p>Le Burkina Faso est confront\u00e9 depuis plus de cinq ans \u00e0 des attaques de plus en plus fr\u00e9quentes et meurtri\u00e8res, attribu\u00e9es \u00e0 des groupes djihadistes, dont le Groupe de soutien \u00e0 l\u2019islam et aux musulmans (GSIM) et l\u2019\u00c9tat islamique au Grand Sahara (EIGS). D\u2019abord concentr\u00e9es dans le nord du pays, elles ont ensuite vis\u00e9 la capitale et d\u2019autres r\u00e9gions, notamment l\u2019Est, faisant depuis 2015 quelque 1 300 morts et contraignant plus d\u2019un million de personnes \u00e0 fuir leurs foyers.\u00a0\u00a0<\/p>\n<p class=\"c6\"><strong>AFP<\/strong><\/p>\n<\/div>\n<div id=\"text_core\" readability=\"80\">\n<p>Au moins une vingtaine de jihadistes ont \u00e9t\u00e9 tu\u00e9s et quatre bases \u201cterroristes\u201d d\u00e9truites depuis le lancement le 5 mai d\u2019une op\u00e9ration antijihadiste dans les r\u00e9gions du Nord et du Sahel du Burkina Faso, a annonc\u00e9 hier l\u2019arm\u00e9e burkinab\u00e8.\u00a0<\/p>\n<p>Le 5 mai, \u201cles forces arm\u00e9es nationales ont lanc\u00e9 une op\u00e9ration d\u2019envergure dans les r\u00e9gions du Nord et du Sahel afin de d\u00e9loger les groupes arm\u00e9s terroristes qui y s\u00e9vissent\u201d, a indiqu\u00e9 l\u2019\u00e9tat-major dans un communiqu\u00e9, ajoutant que cette op\u00e9ration vise \u00e9galement \u201c\u00e0 rassurer les populations\u201d.<\/p>\n<p>D\u00e9nomm\u00e9e Houn\u00e9 \u2013 Dignit\u00e9 en langue peule \u2013, cette op\u00e9ration, toujours en cours, \u201cmobilise les unit\u00e9s conventionnelles et sp\u00e9ciales de l\u2019arm\u00e9e de terre, de l\u2019arm\u00e9e de l\u2019air et de la gendarmerie nationale\u201d.\u00a0<\/p>\n<p>Elle va \u201cs\u2019\u00e9taler sur plus d\u2019un mois\u201d et a d\u00e9j\u00e0 \u201cpermis de neutraliser plus d\u2019une vingtaine de terroristes\u201d et de d\u00e9truire \u201cquatre bases ou positions des groupes arm\u00e9s\u201d, a expliqu\u00e9 \u00e0 l\u2019AFP une source s\u00e9curitaire de haut rang. \u201cDes moyens de communication, de l\u2019armement, des munitions et des moyens roulants ont \u00e9t\u00e9 r\u00e9cup\u00e9r\u00e9s par les forces arm\u00e9es\u201d, a pr\u00e9cis\u00e9 cette source.<\/p>\n<p>\u00a0 Malgr\u00e9 l\u2019annonce de nombreuses op\u00e9rations de ce type, les forces de s\u00e9curit\u00e9 burkinab\u00e8 peinent \u00e0 enrayer la spirale de violences jihadistes.\u00a0 Samedi, trois civils ont \u00e9t\u00e9 tu\u00e9s \u00e0 Tin-akoff, dans la r\u00e9gion du Nord du Burkina Faso, o\u00f9 le m\u00eame jour un engin improvis\u00e9 a explos\u00e9 au passage d\u2019une unit\u00e9 du d\u00e9tachement militaire de Mansila, qui effectuait une mission d\u2019escorte. Bilan : trois soldats bless\u00e9s.<\/p>\n<p>Le Burkina Faso est confront\u00e9 depuis plus de cinq ans \u00e0 des attaques de plus en plus fr\u00e9quentes et meurtri\u00e8res, attribu\u00e9es \u00e0 des groupes djihadistes, dont le Groupe de soutien \u00e0 l\u2019islam et aux musulmans (GSIM) et l\u2019\u00c9tat islamique au Grand Sahara (EIGS). D\u2019abord concentr\u00e9es dans le nord du pays, elles ont ensuite vis\u00e9 la capitale et d\u2019autres r\u00e9gions, notamment l\u2019Est, faisant depuis 2015 quelque 1 300 morts et contraignant plus d\u2019un million de personnes \u00e0 fuir leurs foyers.\u00a0\u00a0<\/p>\n<p class=\"c6\"><strong>AFP<\/strong><\/p>\n<\/div>\n<p>Auteur:<br \/>\n<a href=\"https:\/\/www.liberte-algerie.com\/international\/une-vingtaine-de-terroristes-abattus-358659\">Cliquez ici pour lire l&rsquo;article depuis sa source.<\/a><\/p>\n","protected":false},"excerpt":{"rendered":"<p>Au moins une vingtaine de jihadistes ont \u00e9t\u00e9 tu\u00e9s et quatre bases \u201cterroristes\u201d d\u00e9truites depuis le lancement le 5 mai d\u2019une op\u00e9ration antijihadiste dans les r\u00e9gions du Nord et du Sahel du Burkina Faso, a annonc\u00e9 hier l\u2019arm\u00e9e burkinab\u00e8.\u00a0 Le 5 mai, \u201cles forces arm\u00e9es nationales ont lanc\u00e9 une op\u00e9ration d\u2019envergure dans les r\u00e9gions du [&hellip;]<\/p>\n","protected":false},"author":1742,"featured_media":0,"comment_status":"closed","ping_status":"closed","sticky":false,"template":"","format":"standard","meta":{"fifu_image_url":"","fifu_image_alt":"","footnotes":""},"categories":[73,53],"tags":[],"class_list":["post-116625","post","type-post","status-publish","format-standard","hentry","category-actualite","category-algerie"],"_links":{"self":[{"href":"https:\/\/linitiative.ca\/International\/wp-json\/wp\/v2\/posts\/116625","targetHints":{"allow":["GET"]}}],"collection":[{"href":"https:\/\/linitiative.ca\/International\/wp-json\/wp\/v2\/posts"}],"about":[{"href":"https:\/\/linitiative.ca\/International\/wp-json\/wp\/v2\/types\/post"}],"author":[{"embeddable":true,"href":"https:\/\/linitiative.ca\/International\/wp-json\/wp\/v2\/users\/1742"}],"replies":[{"embeddable":true,"href":"https:\/\/linitiative.ca\/International\/wp-json\/wp\/v2\/comments?post=116625"}],"version-history":[{"count":0,"href":"https:\/\/linitiative.ca\/International\/wp-json\/wp\/v2\/posts\/116625\/revisions"}],"wp:attachment":[{"href":"https:\/\/linitiative.ca\/International\/wp-json\/wp\/v2\/media?parent=116625"}],"wp:term":[{"taxonomy":"category","embeddable":true,"href":"https:\/\/linitiative.ca\/International\/wp-json\/wp\/v2\/categories?post=116625"},{"taxonomy":"post_tag","embeddable":true,"href":"https:\/\/linitiative.ca\/International\/wp-json\/wp\/v2\/tags?post=116625"}],"curies":[{"name":"wp","href":"https:\/\/api.w.org\/{rel}","templated":true}]}}