{"id":116626,"date":"2021-05-12T05:30:00","date_gmt":"2021-05-12T09:30:00","guid":{"rendered":"https:\/\/linitiative.ca\/International\/210-millions-deuros-pour-le-sahel-et-lafrique-centrale\/"},"modified":"2021-05-12T05:30:00","modified_gmt":"2021-05-12T09:30:00","slug":"210-millions-deuros-pour-le-sahel-et-lafrique-centrale","status":"publish","type":"post","link":"https:\/\/linitiative.ca\/International\/210-millions-deuros-pour-le-sahel-et-lafrique-centrale\/","title":{"rendered":"210 millions d&rsquo;euros pour le Sahel et l\u2019Afrique centrale"},"content":{"rendered":"<div id=\"originalText\" readability=\"81\">\n<p>L\u2019Union europ\u00e9enne (UE) a annonc\u00e9, hier, un budget humanitaire de 210 millions d&rsquo;euros pour 2021 en faveur des populations vuln\u00e9rables dans les pays du Sahel et de l&rsquo;Afrique centrale.\u00a0<\/p>\n<p>Selon un communiqu\u00e9 de la Commission europ\u00e9enne, les fonds seront affect\u00e9s \u00e0 des projets humanitaires dans huit pays : le Burkina Faso (24,3 millions d&rsquo;euros), le Cameroun (17,5 millions d&rsquo;euros), la R\u00e9publique centrafricaine (21,5 millions d&rsquo;euros), le Tchad (35,5 millions d&rsquo;euros) le Mali (31,9 millions d&rsquo;euros), la Mauritanie (10 millions d&rsquo;euros), le Niger (32,3 millions d&rsquo;euros) et le Nigeria (37 millions d&rsquo;euros).<\/p>\n<p>\u201cL&rsquo;aggravation de l&rsquo;instabilit\u00e9 et des conflits arm\u00e9s, conjugu\u00e9e \u00e0 la pand\u00e9mie de Covid-19 et aux risques naturels, a des cons\u00e9quences d\u00e9vastatrices au Sahel et dans les pays d&rsquo;Afrique centrale\u201d, a indiqu\u00e9 le commissaire europ\u00e9en \u00e0 la gestion des crises, Janez Lenarcic, cit\u00e9 dans le communiqu\u00e9.<\/p>\n<p>L&rsquo;aide humanitaire de l&rsquo;UE en faveur des pays du Sahel et d&rsquo;Afrique centrale, pr\u00e9cise-t-on, vise \u00e0 fournir une aide vitale aux personnes touch\u00e9es par les conflits et aux communaut\u00e9s accueillant les personnes qui ont \u00e9t\u00e9 contraintes de fuir, ainsi qu&rsquo;\u00e0 soutenir les mesures de lutte contre les crises alimentaires et la malnutrition s\u00e9v\u00e8re chez les enfants de moins de 5 ans.\u00a0<\/p>\n<p>Il s&rsquo;agit \u00e9galement d&rsquo;am\u00e9liorer la r\u00e9ponse imm\u00e9diate en mati\u00e8re de services de base aux populations les plus vuln\u00e9rables, particuli\u00e8rement en ce qui concerne les soins de sant\u00e9 pour tous et l&rsquo;\u00e9ducation des enfants victimes de crises humanitaires. \u00e0 travers cette aide humanitaire, l&rsquo;UE veut de m\u00eame renforcer la pr\u00e9paration des communaut\u00e9s fragiles aux crises telles que les d\u00e9placements massifs de populations et les crises alimentaires ou climatiques r\u00e9currentes.<\/p>\n<p>En 2020, l&rsquo;UE a contribu\u00e9 \u00e0 des interventions humanitaires dans la r\u00e9gion du Sahel et de l&rsquo;Afrique centrale \u00e0 hauteur de plus de 213 millions d&rsquo;euros.<\/p>\n<p class=\"c6\"><strong>APS<\/strong><\/p>\n<\/div>\n<div id=\"text_core\" readability=\"81\">\n<p>L\u2019Union europ\u00e9enne (UE) a annonc\u00e9, hier, un budget humanitaire de 210 millions d&rsquo;euros pour 2021 en faveur des populations vuln\u00e9rables dans les pays du Sahel et de l&rsquo;Afrique centrale.\u00a0<\/p>\n<p>Selon un communiqu\u00e9 de la Commission europ\u00e9enne, les fonds seront affect\u00e9s \u00e0 des projets humanitaires dans huit pays : le Burkina Faso (24,3 millions d&rsquo;euros), le Cameroun (17,5 millions d&rsquo;euros), la R\u00e9publique centrafricaine (21,5 millions d&rsquo;euros), le Tchad (35,5 millions d&rsquo;euros) le Mali (31,9 millions d&rsquo;euros), la Mauritanie (10 millions d&rsquo;euros), le Niger (32,3 millions d&rsquo;euros) et le Nigeria (37 millions d&rsquo;euros).<\/p>\n<p>\u201cL&rsquo;aggravation de l&rsquo;instabilit\u00e9 et des conflits arm\u00e9s, conjugu\u00e9e \u00e0 la pand\u00e9mie de Covid-19 et aux risques naturels, a des cons\u00e9quences d\u00e9vastatrices au Sahel et dans les pays d&rsquo;Afrique centrale\u201d, a indiqu\u00e9 le commissaire europ\u00e9en \u00e0 la gestion des crises, Janez Lenarcic, cit\u00e9 dans le communiqu\u00e9.<\/p>\n<p>L&rsquo;aide humanitaire de l&rsquo;UE en faveur des pays du Sahel et d&rsquo;Afrique centrale, pr\u00e9cise-t-on, vise \u00e0 fournir une aide vitale aux personnes touch\u00e9es par les conflits et aux communaut\u00e9s accueillant les personnes qui ont \u00e9t\u00e9 contraintes de fuir, ainsi qu&rsquo;\u00e0 soutenir les mesures de lutte contre les crises alimentaires et la malnutrition s\u00e9v\u00e8re chez les enfants de moins de 5 ans.\u00a0<\/p>\n<p>Il s&rsquo;agit \u00e9galement d&rsquo;am\u00e9liorer la r\u00e9ponse imm\u00e9diate en mati\u00e8re de services de base aux populations les plus vuln\u00e9rables, particuli\u00e8rement en ce qui concerne les soins de sant\u00e9 pour tous et l&rsquo;\u00e9ducation des enfants victimes de crises humanitaires. \u00e0 travers cette aide humanitaire, l&rsquo;UE veut de m\u00eame renforcer la pr\u00e9paration des communaut\u00e9s fragiles aux crises telles que les d\u00e9placements massifs de populations et les crises alimentaires ou climatiques r\u00e9currentes.<\/p>\n<p>En 2020, l&rsquo;UE a contribu\u00e9 \u00e0 des interventions humanitaires dans la r\u00e9gion du Sahel et de l&rsquo;Afrique centrale \u00e0 hauteur de plus de 213 millions d&rsquo;euros.<\/p>\n<p class=\"c6\"><strong>APS<\/strong><\/p>\n<\/div>\n<p>Auteur:<br \/>\n<a href=\"https:\/\/www.liberte-algerie.com\/international\/210-millions-deuros-pour-le-sahel-et-lafrique-centrale-358658\">Cliquez ici pour lire l&rsquo;article depuis sa source.<\/a><\/p>\n","protected":false},"excerpt":{"rendered":"<p>L\u2019Union europ\u00e9enne (UE) a annonc\u00e9, hier, un budget humanitaire de 210 millions d&rsquo;euros pour 2021 en faveur des populations vuln\u00e9rables dans les pays du Sahel et de l&rsquo;Afrique centrale.\u00a0 Selon un communiqu\u00e9 de la Commission europ\u00e9enne, les fonds seront affect\u00e9s \u00e0 des projets humanitaires dans huit pays : le Burkina Faso (24,3 millions d&rsquo;euros), le [&hellip;]<\/p>\n","protected":false},"author":1742,"featured_media":0,"comment_status":"closed","ping_status":"closed","sticky":false,"template":"","format":"standard","meta":{"fifu_image_url":"","fifu_image_alt":"","footnotes":""},"categories":[73,53],"tags":[],"class_list":["post-116626","post","type-post","status-publish","format-standard","hentry","category-actualite","category-algerie"],"_links":{"self":[{"href":"https:\/\/linitiative.ca\/International\/wp-json\/wp\/v2\/posts\/116626","targetHints":{"allow":["GET"]}}],"collection":[{"href":"https:\/\/linitiative.ca\/International\/wp-json\/wp\/v2\/posts"}],"about":[{"href":"https:\/\/linitiative.ca\/International\/wp-json\/wp\/v2\/types\/post"}],"author":[{"embeddable":true,"href":"https:\/\/linitiative.ca\/International\/wp-json\/wp\/v2\/users\/1742"}],"replies":[{"embeddable":true,"href":"https:\/\/linitiative.ca\/International\/wp-json\/wp\/v2\/comments?post=116626"}],"version-history":[{"count":0,"href":"https:\/\/linitiative.ca\/International\/wp-json\/wp\/v2\/posts\/116626\/revisions"}],"wp:attachment":[{"href":"https:\/\/linitiative.ca\/International\/wp-json\/wp\/v2\/media?parent=116626"}],"wp:term":[{"taxonomy":"category","embeddable":true,"href":"https:\/\/linitiative.ca\/International\/wp-json\/wp\/v2\/categories?post=116626"},{"taxonomy":"post_tag","embeddable":true,"href":"https:\/\/linitiative.ca\/International\/wp-json\/wp\/v2\/tags?post=116626"}],"curies":[{"name":"wp","href":"https:\/\/api.w.org\/{rel}","templated":true}]}}