{"id":116627,"date":"2021-05-12T05:30:00","date_gmt":"2021-05-12T09:30:00","guid":{"rendered":"https:\/\/linitiative.ca\/International\/lonu-deploie-des-unites-de-reaction-rapide-supplementaires\/"},"modified":"2021-05-12T05:30:00","modified_gmt":"2021-05-12T09:30:00","slug":"lonu-deploie-des-unites-de-reaction-rapide-supplementaires","status":"publish","type":"post","link":"https:\/\/linitiative.ca\/International\/lonu-deploie-des-unites-de-reaction-rapide-supplementaires\/","title":{"rendered":"L\u2019ONU d\u00e9ploie des unit\u00e9s de r\u00e9action rapide suppl\u00e9mentaires"},"content":{"rendered":"<div id=\"originalText\" readability=\"58\">\n<p>Les Nations unies sont en train de d\u00e9ployer des unit\u00e9s de r\u00e9action rapide suppl\u00e9mentaires en R\u00e9publique d\u00e9mocratique du Congo (RDC), a affirm\u00e9 Jean-Pierre Lacroix, secr\u00e9taire g\u00e9n\u00e9ral adjoint des Nations unies en charge des op\u00e9rations de paix. Ces unit\u00e9s vont poursuivre la collaboration avec les nouvelles autorit\u00e9s militaires nomm\u00e9es dans les provinces du Nord-Kivu et de l\u2019Ituri, a pr\u00e9cis\u00e9 Lacroix au cours d\u2019une interview accord\u00e9e ce lundi \u00e0 Radio Okapi (m\u00e9dia relevant de l&rsquo;ONU en RDC).<\/p>\n<p>\u201cLa d\u00e9cision du pr\u00e9sident Tshisekedi traduit une volont\u00e9 d\u2019engager davantage des forces pour traiter le probl\u00e8me d\u2019ins\u00e9curit\u00e9 dans la partie Est du pays. Nous travaillons ensemble. De notre c\u00f4t\u00e9, nous travaillons pour renforcer la Monusco dans la r\u00e9gion en attendant la Brigade d\u2019intervention rapide. Nous sommes en train de d\u00e9ployer les unit\u00e9s de r\u00e9action rapide suppl\u00e9mentaires\u201d, a-t-il affirm\u00e9. Pour le secr\u00e9taire g\u00e9n\u00e9ral adjoint de l\u2019ONU aux op\u00e9rations de paix, il y a une r\u00e9ponse qui va au-del\u00e0 de la dimension s\u00e9curitaire.<\/p>\n<p>Il y a, selon lui, un besoin d\u2019une approche int\u00e9gr\u00e9e qu\u2019il faut explorer et travailler avec les autorit\u00e9s congolaises. \u201cIl faut une approche int\u00e9gr\u00e9e qui prenne en compte tout ce qui alimente les conflits dans ces r\u00e9gions de l\u2019Est du Congo : les tensions ethniques, l\u2019\u00e9conomie criminelle, des fronti\u00e8res qui sont poreuses qui encouragent un certain nombre de trafics\u201d, a expliqu\u00e9 Jean-Pierre Lacroix. \u201cOn travaille aussi pour faire en sorte que l\u2019exploitation des ressources naturelles de ces r\u00e9gions b\u00e9n\u00e9ficie au pays et \u00e0 la communaut\u00e9, et non pas aux circuits criminels\u201d, a-t-il conclu.<\/p>\n<p class=\"c6\"><strong>APS<\/strong><\/p>\n<\/div>\n<div id=\"text_core\" readability=\"58\">\n<p>Les Nations unies sont en train de d\u00e9ployer des unit\u00e9s de r\u00e9action rapide suppl\u00e9mentaires en R\u00e9publique d\u00e9mocratique du Congo (RDC), a affirm\u00e9 Jean-Pierre Lacroix, secr\u00e9taire g\u00e9n\u00e9ral adjoint des Nations unies en charge des op\u00e9rations de paix. Ces unit\u00e9s vont poursuivre la collaboration avec les nouvelles autorit\u00e9s militaires nomm\u00e9es dans les provinces du Nord-Kivu et de l\u2019Ituri, a pr\u00e9cis\u00e9 Lacroix au cours d\u2019une interview accord\u00e9e ce lundi \u00e0 Radio Okapi (m\u00e9dia relevant de l&rsquo;ONU en RDC).<\/p>\n<p>\u201cLa d\u00e9cision du pr\u00e9sident Tshisekedi traduit une volont\u00e9 d\u2019engager davantage des forces pour traiter le probl\u00e8me d\u2019ins\u00e9curit\u00e9 dans la partie Est du pays. Nous travaillons ensemble. De notre c\u00f4t\u00e9, nous travaillons pour renforcer la Monusco dans la r\u00e9gion en attendant la Brigade d\u2019intervention rapide. Nous sommes en train de d\u00e9ployer les unit\u00e9s de r\u00e9action rapide suppl\u00e9mentaires\u201d, a-t-il affirm\u00e9. Pour le secr\u00e9taire g\u00e9n\u00e9ral adjoint de l\u2019ONU aux op\u00e9rations de paix, il y a une r\u00e9ponse qui va au-del\u00e0 de la dimension s\u00e9curitaire.<\/p>\n<p>Il y a, selon lui, un besoin d\u2019une approche int\u00e9gr\u00e9e qu\u2019il faut explorer et travailler avec les autorit\u00e9s congolaises. \u201cIl faut une approche int\u00e9gr\u00e9e qui prenne en compte tout ce qui alimente les conflits dans ces r\u00e9gions de l\u2019Est du Congo : les tensions ethniques, l\u2019\u00e9conomie criminelle, des fronti\u00e8res qui sont poreuses qui encouragent un certain nombre de trafics\u201d, a expliqu\u00e9 Jean-Pierre Lacroix. \u201cOn travaille aussi pour faire en sorte que l\u2019exploitation des ressources naturelles de ces r\u00e9gions b\u00e9n\u00e9ficie au pays et \u00e0 la communaut\u00e9, et non pas aux circuits criminels\u201d, a-t-il conclu.<\/p>\n<p class=\"c6\"><strong>APS<\/strong><\/p>\n<\/div>\n<p>Auteur:<br \/>\n<a href=\"https:\/\/www.liberte-algerie.com\/international\/lonu-deploie-des-unites-de-reaction-rapide-supplementaires-358657\">Cliquez ici pour lire l&rsquo;article depuis sa source.<\/a><\/p>\n","protected":false},"excerpt":{"rendered":"<p>Les Nations unies sont en train de d\u00e9ployer des unit\u00e9s de r\u00e9action rapide suppl\u00e9mentaires en R\u00e9publique d\u00e9mocratique du Congo (RDC), a affirm\u00e9 Jean-Pierre Lacroix, secr\u00e9taire g\u00e9n\u00e9ral adjoint des Nations unies en charge des op\u00e9rations de paix. Ces unit\u00e9s vont poursuivre la collaboration avec les nouvelles autorit\u00e9s militaires nomm\u00e9es dans les provinces du Nord-Kivu et de [&hellip;]<\/p>\n","protected":false},"author":1742,"featured_media":0,"comment_status":"closed","ping_status":"closed","sticky":false,"template":"","format":"standard","meta":{"fifu_image_url":"","fifu_image_alt":"","footnotes":""},"categories":[73,53],"tags":[],"class_list":["post-116627","post","type-post","status-publish","format-standard","hentry","category-actualite","category-algerie"],"_links":{"self":[{"href":"https:\/\/linitiative.ca\/International\/wp-json\/wp\/v2\/posts\/116627","targetHints":{"allow":["GET"]}}],"collection":[{"href":"https:\/\/linitiative.ca\/International\/wp-json\/wp\/v2\/posts"}],"about":[{"href":"https:\/\/linitiative.ca\/International\/wp-json\/wp\/v2\/types\/post"}],"author":[{"embeddable":true,"href":"https:\/\/linitiative.ca\/International\/wp-json\/wp\/v2\/users\/1742"}],"replies":[{"embeddable":true,"href":"https:\/\/linitiative.ca\/International\/wp-json\/wp\/v2\/comments?post=116627"}],"version-history":[{"count":0,"href":"https:\/\/linitiative.ca\/International\/wp-json\/wp\/v2\/posts\/116627\/revisions"}],"wp:attachment":[{"href":"https:\/\/linitiative.ca\/International\/wp-json\/wp\/v2\/media?parent=116627"}],"wp:term":[{"taxonomy":"category","embeddable":true,"href":"https:\/\/linitiative.ca\/International\/wp-json\/wp\/v2\/categories?post=116627"},{"taxonomy":"post_tag","embeddable":true,"href":"https:\/\/linitiative.ca\/International\/wp-json\/wp\/v2\/tags?post=116627"}],"curies":[{"name":"wp","href":"https:\/\/api.w.org\/{rel}","templated":true}]}}