{"id":116631,"date":"2021-05-12T09:22:47","date_gmt":"2021-05-12T13:22:47","guid":{"rendered":"https:\/\/linitiative.ca\/International\/covid-19-la-priere-de-laid-al-fitr-ne-sera-pas-accomplie\/"},"modified":"2021-05-12T09:22:47","modified_gmt":"2021-05-12T13:22:47","slug":"covid-19-la-priere-de-laid-al-fitr-ne-sera-pas-accomplie","status":"publish","type":"post","link":"https:\/\/linitiative.ca\/International\/covid-19-la-priere-de-laid-al-fitr-ne-sera-pas-accomplie\/","title":{"rendered":"Covid-19: La pri\u00e8re de l\u2019Aid Al-Fitr ne sera pas accomplie"},"content":{"rendered":"<div class=\"single-featured\"><img alt=\"\" data-src=\"http:\/\/www.mapmarrakech.ma\/map\/uploads\/2021\/05\/ministere-des-habous.jpg\"\/><\/div>\n<div class=\"single-post-excerpt post-excerpt-bc\" readability=\"38\">\n<p>Le minist\u00e8re des Habous et des Affaires islamiques a annonc\u00e9, mardi, qu\u2019il a \u00e9t\u00e9 d\u00e9cid\u00e9 de ne pas accomplir la Pri\u00e8re de l\u2019Aid Al-Fitr dans les Moussalas et les mosqu\u00e9es, en raison de l\u2019affluence observ\u00e9e \u00e0 cette occasion et des difficult\u00e9s de garantir les conditions de distanciation.<\/p>\n<\/div>\n<div class=\"entry-content clearfix single-post-content\" readability=\"37\">\n<p>\u00ab\u00a0Dans le cadre des mesures pr\u00e9ventives pour faire face \u00e0 la pand\u00e9mie, il a \u00e9t\u00e9 d\u00e9cid\u00e9 que la pri\u00e8re de l\u2019Aid Al-Fitr ne sera pas accomplie dans les Moussalas et les mosqu\u00e9es eu \u00e9gard \u00e0 l\u2019affluence observ\u00e9e \u00e0 cette occasion et aux difficult\u00e9s de garantir les conditions de distanciation\u00a0\u00bb, pr\u00e9cise le minist\u00e8re dans un communiqu\u00e9.<\/p>\n<\/div>\n<p>Auteur: Meriem IGASS<br \/>\n<a href=\"http:\/\/www.mapmarrakech.ma\/fr\/covid-19-la-priere-de-laid-al-fitr-ne-sera-pas-accomplie\/\">Cliquez ici pour lire l&rsquo;article depuis sa source.<\/a><\/p>\n","protected":false},"excerpt":{"rendered":"<p>Le minist\u00e8re des Habous et des Affaires islamiques a annonc\u00e9, mardi, qu\u2019il a \u00e9t\u00e9 d\u00e9cid\u00e9 de ne pas accomplir la Pri\u00e8re de l\u2019Aid Al-Fitr dans les Moussalas et les mosqu\u00e9es, en raison de l\u2019affluence observ\u00e9e \u00e0 cette occasion et des difficult\u00e9s de garantir les conditions de distanciation. \u00ab\u00a0Dans le cadre des mesures pr\u00e9ventives pour faire [&hellip;]<\/p>\n","protected":false},"author":1788,"featured_media":0,"comment_status":"closed","ping_status":"closed","sticky":false,"template":"","format":"standard","meta":{"fifu_image_url":"http:\/\/www.mapmarrakech.ma\/map\/uploads\/2021\/05\/ministere-des-habous.jpg","fifu_image_alt":"Covid-19: La pri\u00e8re de l\u2019Aid Al-Fitr ne sera pas accomplie","footnotes":""},"categories":[54,76],"tags":[],"class_list":["post-116631","post","type-post","status-publish","format-standard","hentry","category-maroc","category-regions"],"_links":{"self":[{"href":"https:\/\/linitiative.ca\/International\/wp-json\/wp\/v2\/posts\/116631","targetHints":{"allow":["GET"]}}],"collection":[{"href":"https:\/\/linitiative.ca\/International\/wp-json\/wp\/v2\/posts"}],"about":[{"href":"https:\/\/linitiative.ca\/International\/wp-json\/wp\/v2\/types\/post"}],"author":[{"embeddable":true,"href":"https:\/\/linitiative.ca\/International\/wp-json\/wp\/v2\/users\/1788"}],"replies":[{"embeddable":true,"href":"https:\/\/linitiative.ca\/International\/wp-json\/wp\/v2\/comments?post=116631"}],"version-history":[{"count":0,"href":"https:\/\/linitiative.ca\/International\/wp-json\/wp\/v2\/posts\/116631\/revisions"}],"wp:attachment":[{"href":"https:\/\/linitiative.ca\/International\/wp-json\/wp\/v2\/media?parent=116631"}],"wp:term":[{"taxonomy":"category","embeddable":true,"href":"https:\/\/linitiative.ca\/International\/wp-json\/wp\/v2\/categories?post=116631"},{"taxonomy":"post_tag","embeddable":true,"href":"https:\/\/linitiative.ca\/International\/wp-json\/wp\/v2\/tags?post=116631"}],"curies":[{"name":"wp","href":"https:\/\/api.w.org\/{rel}","templated":true}]}}