{"id":116632,"date":"2021-05-12T13:44:23","date_gmt":"2021-05-12T17:44:23","guid":{"rendered":"https:\/\/linitiative.ca\/International\/aid-al-fitr-pas-de-changement-des-mesures-de-precaution-en-vigueur\/"},"modified":"2021-05-12T13:44:23","modified_gmt":"2021-05-12T17:44:23","slug":"aid-al-fitr-pas-de-changement-des-mesures-de-precaution-en-vigueur","status":"publish","type":"post","link":"https:\/\/linitiative.ca\/International\/aid-al-fitr-pas-de-changement-des-mesures-de-precaution-en-vigueur\/","title":{"rendered":"Aid Al Fitr: Pas de changement des mesures de pr\u00e9caution en vigueur"},"content":{"rendered":"<div readability=\"38\">\n<p>Les mesures de pr\u00e9caution prises pr\u00e9c\u00e9demment pour lutter contre la propagation du Covid-19 ne subiront aucun changement durant les jours de l\u2019A\u00efd Al Fitr, a annonc\u00e9, mercredi, le Chef du gouvernement, Saad Dine El Otmani.<\/p>\n<\/div>\n<div readability=\"73\">\n<p>Intervenant lors de la r\u00e9union hebdomadaire du Conseil de gouvernement, M. El Otmani a indiqu\u00e9 que l\u2019ambiance que conna\u00eet le Royaume \u00e0 l\u2019occasion de l\u2019Aid Al Fitr requiert davantage de prudence, soulignant que les mesures prises ant\u00e9rieurement aussi bien l\u2019interdiction des d\u00e9placements nocturnes de 20H00 \u00e0 06H00 que le durcissement des d\u00e9placements inter-villes ne subiront aucun changement durant les jours de l\u2019Aid.<\/p>\n<p>Dans ce sens, le Chef du gouvernement a insist\u00e9 sur l\u2019importance extr\u00eame de prot\u00e9ger la sant\u00e9 des citoyennes et citoyens lors de la p\u00e9riode de l\u2019Aid afin que ces jours b\u00e9nis soient une f\u00eate pour l\u2019ensemble des Marocains, tout en \u00e9pargnant au Royaume toute \u00ab\u00a0surprise ind\u00e9sirable\u00a0\u00bb due au rel\u00e2chement dans le respect des mesures pr\u00e9ventives.<\/p>\n<p>M. El Otmani a pr\u00e9cis\u00e9 que les parties concern\u00e9es vont continuer d\u2019assurer le suivi de la situation et de recommander les mesures appropri\u00e9es au moment opportun, a indiqu\u00e9 le ministre de l\u2019Education nationale, de la formation professionnelle, de l\u2019enseignement sup\u00e9rieur et de la recherche scientifique, Porte-Parole du gouvernement, Saaid Amzazi dans un communiqu\u00e9 lu lors d\u2019un point de presse \u00e0 l\u2019issue du Conseil.<\/p>\n<p>Le Chef du gouvernement a, par ailleurs, mis en avant le progr\u00e8s \u00ab\u00a0important\u00a0\u00bb enregistr\u00e9 dans la campagne nationale de vaccination anti-covid, tout en f\u00e9licitant l\u2019ensemble des corps sanitaire, s\u00e9curitaire et administratif qui veillent au bon d\u00e9roulement de cette op\u00e9ration.<\/p>\n<p>A l\u2019occasion de l\u2019Aid Al Fitr, M. El Otmani a exprim\u00e9 ses f\u00e9licitations et ses voeux \u00e0 SM le Roi Mohammed VI, que Dieu Le pr\u00e9serve, implorant le Tout-Puissant de renouveler pareille occasion pour le Souverain, l\u2019illustre famille Royale, le peuple marocain et l\u2019ensemble de la Oumma islamique dans les bienfaits, la sant\u00e9 et la stabilit\u00e9.<\/p>\n<\/div>\n<p>Auteur: Meriem IGASS<br \/>\n<a href=\"http:\/\/www.mapmarrakech.ma\/fr\/aid-al-fitr-pas-de-changement-des-mesures-de-precaution-en-vigueur\/\">Cliquez ici pour lire l&rsquo;article depuis sa source.<\/a><\/p>\n","protected":false},"excerpt":{"rendered":"<p>Les mesures de pr\u00e9caution prises pr\u00e9c\u00e9demment pour lutter contre la propagation du Covid-19 ne subiront aucun changement durant les jours de l\u2019A\u00efd Al Fitr, a annonc\u00e9, mercredi, le Chef du gouvernement, Saad Dine El Otmani. Intervenant lors de la r\u00e9union hebdomadaire du Conseil de gouvernement, M. El Otmani a indiqu\u00e9 que l\u2019ambiance que conna\u00eet le [&hellip;]<\/p>\n","protected":false},"author":1788,"featured_media":0,"comment_status":"closed","ping_status":"closed","sticky":false,"template":"","format":"standard","meta":{"fifu_image_url":"","fifu_image_alt":"","footnotes":""},"categories":[54,76],"tags":[],"class_list":["post-116632","post","type-post","status-publish","format-standard","hentry","category-maroc","category-regions"],"_links":{"self":[{"href":"https:\/\/linitiative.ca\/International\/wp-json\/wp\/v2\/posts\/116632","targetHints":{"allow":["GET"]}}],"collection":[{"href":"https:\/\/linitiative.ca\/International\/wp-json\/wp\/v2\/posts"}],"about":[{"href":"https:\/\/linitiative.ca\/International\/wp-json\/wp\/v2\/types\/post"}],"author":[{"embeddable":true,"href":"https:\/\/linitiative.ca\/International\/wp-json\/wp\/v2\/users\/1788"}],"replies":[{"embeddable":true,"href":"https:\/\/linitiative.ca\/International\/wp-json\/wp\/v2\/comments?post=116632"}],"version-history":[{"count":0,"href":"https:\/\/linitiative.ca\/International\/wp-json\/wp\/v2\/posts\/116632\/revisions"}],"wp:attachment":[{"href":"https:\/\/linitiative.ca\/International\/wp-json\/wp\/v2\/media?parent=116632"}],"wp:term":[{"taxonomy":"category","embeddable":true,"href":"https:\/\/linitiative.ca\/International\/wp-json\/wp\/v2\/categories?post=116632"},{"taxonomy":"post_tag","embeddable":true,"href":"https:\/\/linitiative.ca\/International\/wp-json\/wp\/v2\/tags?post=116632"}],"curies":[{"name":"wp","href":"https:\/\/api.w.org\/{rel}","templated":true}]}}