{"id":116634,"date":"2021-05-11T16:51:05","date_gmt":"2021-05-11T20:51:05","guid":{"rendered":"https:\/\/linitiative.ca\/International\/oujda-remise-dequipements-pour-des-agr-a-des-ex-detenus\/"},"modified":"2021-05-11T16:51:05","modified_gmt":"2021-05-11T20:51:05","slug":"oujda-remise-dequipements-pour-des-agr-a-des-ex-detenus","status":"publish","type":"post","link":"https:\/\/linitiative.ca\/International\/oujda-remise-dequipements-pour-des-agr-a-des-ex-detenus\/","title":{"rendered":"Oujda : Remise d\u2019\u00e9quipements pour des AGR \u00e0 des ex-d\u00e9tenus"},"content":{"rendered":"<p class=\"c4\">La Fondation Mohammed VI pour la r\u00e9insertion des d\u00e9tenus a proc\u00e9d\u00e9, mardi \u00e0 Oujda, \u00e0 la distribution d\u2019un important lot de divers \u00e9quipements et mat\u00e9riels au profit d\u2019une trentaine d\u2019ex-d\u00e9tenus, en vue de leur permettre de cr\u00e9er leurs propres projets d\u2019Activit\u00e9s g\u00e9n\u00e9ratrices de revenus (AGR).<\/p>\n<p class=\"c4\">Cette initiative qui a profit\u00e9 \u00e0 32 b\u00e9n\u00e9ficiaires parmi les anciens pensionnaires des \u00e9tablissements p\u00e9nitentiaires relevant de la pr\u00e9fecture d\u2019Oujda-Angad, dont cinq femmes, vise \u00e0 encourager l\u2019int\u00e9gration de cette frange de la population dans la vie socio-\u00e9conomique.<\/p>\n<p class=\"c4\">Cette op\u00e9ration qui a n\u00e9cessit\u00e9 environ 690.000 dirhams, s\u2019inscrit dans le cadre d\u2019une convention de partenariat entre la Fondation et l\u2019Initiative nationale pour le d\u00e9veloppement humain (INDH), a indiqu\u00e9 \u00e0 la presse le coordinateur r\u00e9gional de la Fondation Mohammed VI pour la r\u00e9insertion des d\u00e9tenus, Abdelhalim Miri.<\/p>\n<p class=\"c4\">Les \u00e9quipements et outils distribu\u00e9s concernent de nombreux domaines, dont le commerce, les services et l\u2019industrie, et ce en fonction des formations et des comp\u00e9tences professionnelles des b\u00e9n\u00e9ficiaires, ainsi que des exigences du march\u00e9 de l\u2019emploi et des sp\u00e9cificit\u00e9s socio-\u00e9conomiques de la r\u00e9gion.<\/p>\n<p class=\"c4\">M. Miri a pr\u00e9cis\u00e9 que cette op\u00e9ration s\u2019inscrit dans le sillage de la strat\u00e9gie int\u00e9gr\u00e9e adopt\u00e9e par la Fondation afin de contrecarrer le ph\u00e9nom\u00e8ne de r\u00e9cidive au crime et d\u2019assurer les conditions d\u2019une r\u00e9insertion efficace de ces citoyens dans le tissu social et \u00e9conomique, conform\u00e9ment \u00e0 la vision \u00e9clair\u00e9e de SM le Roi dans ce domaine.<\/p>\n<p><img class=\"wp-image-28745 aligncenter\" data-src=\"http:\/\/www.mapoujda.ma\/map\/uploads\/2021\/05\/Oujda-\u00e9quipements-pour-des-AGR-\u00e0-des-ex-d\u00e9tenus-750\u00d7430-MAP-2.jpg\" alt=\"\" width=\"576\" height=\"330\" srcset=\"http:\/\/www.mapoujda.ma\/map\/uploads\/2021\/05\/Oujda-\u00e9quipements-pour-des-AGR-\u00e0-des-ex-d\u00e9tenus-750\u00d7430-MAP-2.jpg 750w, http:\/\/www.mapoujda.ma\/map\/uploads\/2021\/05\/Oujda-\u00e9quipements-pour-des-AGR-\u00e0-des-ex-d\u00e9tenus-750\u00d7430-MAP-2-300x172.jpg 300w\" sizes=\"(max-width: 576px) 100vw, 576px\"\/><\/p>\n<p class=\"c4\">L\u2019accent a \u00e9t\u00e9 mis dans ce sens sur le programme de soutien aux microprojets et \u00e0 l\u2019auto-emploi au profit des anciens d\u00e9tenus et d\u00e9tenues des \u00e9tablissements p\u00e9nitentiaires pour la saison 2020-2021, qui est mis en \u0153uvre par la Fondation Mohammed VI pour la r\u00e9insertion des d\u00e9tenus, afin d\u2019activer la strat\u00e9gie int\u00e9gr\u00e9e de r\u00e9insertion socioprofessionnelle de ce groupe vuln\u00e9rable de citoyens, conduite par la Fondation sous la pr\u00e9sidence effective de SM le Roi Mohammed VI.<\/p>\n<p class=\"c4\">Selon le coordinateur r\u00e9gional, ces b\u00e9n\u00e9ficiaires porteurs de projets ont re\u00e7u deux formations, dont la premi\u00e8re en coordination avec l\u2019Agence nationale de promotion de l\u2019emploi et des comp\u00e9tences (ANAPEC) et la seconde en coordination avec la Direction r\u00e9gional de l\u2019Office de la formation professionnelle et de la promotion du travail (OFPPT) de l\u2019Oriental.<\/p>\n<p class=\"c4\">La responsable de la Division de l\u2019Action Sociale (DAS) \u00e0 la pr\u00e9fecture d\u2019Oujda-Angad, Hafida El Handouz, a affirm\u00e9, quant \u00e0 elle, que l\u2019Initiative nationale pour le d\u00e9veloppement humain (INDH) veille depuis son lancement en 2005 \u00e0 apporter le soutien n\u00e9cessaire aux cat\u00e9gories vuln\u00e9rables.<\/p>\n<p class=\"c4\">Et de souligner que cette op\u00e9ration de remise d\u2019\u00e9quipements et outils pour des AGR aura certainement un impact positif sur l\u2019int\u00e9gration socio-\u00e9conomique des b\u00e9n\u00e9ficiaires.<\/p>\n<p class=\"c4\">La c\u00e9r\u00e9monie a \u00e9t\u00e9 pr\u00e9sid\u00e9e par le wali de la r\u00e9gion de l\u2019Oriental et gouverneur de la pr\u00e9fecture d\u2019Oujda-Angad, Mouad El Jamai, en pr\u00e9sence de plusieurs responsables.<\/p>\n<p>Auteur: Soufiane ELAHMAR<br \/>\n<a href=\"http:\/\/www.mapoujda.ma\/fr\/oujda-remise-dequipements-pour-des-agr-a-des-ex-detenus\/\">Cliquez ici pour lire l&rsquo;article depuis sa source.<\/a><\/p>\n","protected":false},"excerpt":{"rendered":"<p>La Fondation Mohammed VI pour la r\u00e9insertion des d\u00e9tenus a proc\u00e9d\u00e9, mardi \u00e0 Oujda, \u00e0 la distribution d\u2019un important lot de divers \u00e9quipements et mat\u00e9riels au profit d\u2019une trentaine d\u2019ex-d\u00e9tenus, en vue de leur permettre de cr\u00e9er leurs propres projets d\u2019Activit\u00e9s g\u00e9n\u00e9ratrices de revenus (AGR). Cette initiative qui a profit\u00e9 \u00e0 32 b\u00e9n\u00e9ficiaires parmi les [&hellip;]<\/p>\n","protected":false},"author":1788,"featured_media":0,"comment_status":"closed","ping_status":"closed","sticky":false,"template":"","format":"standard","meta":{"fifu_image_url":"http:\/\/www.mapoujda.ma\/map\/uploads\/2021\/05\/Oujda-\u00e9quipements-pour-des-AGR-\u00e0-des-ex-d\u00e9tenus-750\u00d7430-MAP-2.jpg","fifu_image_alt":"Oujda : Remise d\u2019\u00e9quipements pour des AGR \u00e0 des ex-d\u00e9tenus","footnotes":""},"categories":[54,76],"tags":[],"class_list":["post-116634","post","type-post","status-publish","format-standard","hentry","category-maroc","category-regions"],"_links":{"self":[{"href":"https:\/\/linitiative.ca\/International\/wp-json\/wp\/v2\/posts\/116634","targetHints":{"allow":["GET"]}}],"collection":[{"href":"https:\/\/linitiative.ca\/International\/wp-json\/wp\/v2\/posts"}],"about":[{"href":"https:\/\/linitiative.ca\/International\/wp-json\/wp\/v2\/types\/post"}],"author":[{"embeddable":true,"href":"https:\/\/linitiative.ca\/International\/wp-json\/wp\/v2\/users\/1788"}],"replies":[{"embeddable":true,"href":"https:\/\/linitiative.ca\/International\/wp-json\/wp\/v2\/comments?post=116634"}],"version-history":[{"count":0,"href":"https:\/\/linitiative.ca\/International\/wp-json\/wp\/v2\/posts\/116634\/revisions"}],"wp:attachment":[{"href":"https:\/\/linitiative.ca\/International\/wp-json\/wp\/v2\/media?parent=116634"}],"wp:term":[{"taxonomy":"category","embeddable":true,"href":"https:\/\/linitiative.ca\/International\/wp-json\/wp\/v2\/categories?post=116634"},{"taxonomy":"post_tag","embeddable":true,"href":"https:\/\/linitiative.ca\/International\/wp-json\/wp\/v2\/tags?post=116634"}],"curies":[{"name":"wp","href":"https:\/\/api.w.org\/{rel}","templated":true}]}}