{"id":116639,"date":"2021-05-12T10:56:00","date_gmt":"2021-05-12T14:56:00","guid":{"rendered":"https:\/\/linitiative.ca\/International\/elections-des-chambres-professionnelles-la-date-fixee\/"},"modified":"2021-05-12T10:56:00","modified_gmt":"2021-05-12T14:56:00","slug":"elections-des-chambres-professionnelles-la-date-fixee","status":"publish","type":"post","link":"https:\/\/linitiative.ca\/International\/elections-des-chambres-professionnelles-la-date-fixee\/","title":{"rendered":"Elections des chambres professionnelles: la date fix\u00e9e"},"content":{"rendered":"<p class=\"rtejustify\">Lors du Conseil de Gouvernement tenu aujourd&rsquo;hui sous la pr\u00e9sidence du Chef du gouvernement Saad-Eddine El Othmani, deux projets de d\u00e9crets ont \u00e9t\u00e9 adopt\u00e9s. Il s&rsquo;agit des d\u00e9crets fixant au 6 ao\u00fbt prochain la date d&rsquo;\u00e9lection des membres des chambres d&rsquo;agriculture, de commerce, d&rsquo;industrie et de services, d&rsquo;artisanat et des p\u00eaches.<\/p>\n<p class=\"rtejustify\">Quant \u00e0 l&rsquo;\u00e9lection des\u00a0membres de la Chambre des repr\u00e9sentants, des conseils des r\u00e9gions, des communes et des arrondissements, elle a \u00e9t\u00e9 fix\u00e9e au 8\u00a0septembre 2021, alors que celle\u00a0des membres des conseils des pr\u00e9fectures et provinces aura lieu le\u00a021 septembre 2021. Enfin, l&rsquo;\u00e9lection\u00a0des membres de la Chambre des conseillers se tiendra le 5 octobre 2021.<\/p>\n<p>Auteur: mbasraoui<br \/>\n<a href=\"https:\/\/www.leconomiste.com\/flash-infos\/agriculture-chambres-de-commerce-d-industrie-et-de-services-chambres-de-l-artisanat-et\">Cliquez ici pour lire l&rsquo;article depuis sa source.<\/a><\/p>\n","protected":false},"excerpt":{"rendered":"<p>Lors du Conseil de Gouvernement tenu aujourd&rsquo;hui sous la pr\u00e9sidence du Chef du gouvernement Saad-Eddine El Othmani, deux projets de d\u00e9crets ont \u00e9t\u00e9 adopt\u00e9s. Il s&rsquo;agit des d\u00e9crets fixant au 6 ao\u00fbt prochain la date d&rsquo;\u00e9lection des membres des chambres d&rsquo;agriculture, de commerce, d&rsquo;industrie et de services, d&rsquo;artisanat et des p\u00eaches. Quant \u00e0 l&rsquo;\u00e9lection des\u00a0membres [&hellip;]<\/p>\n","protected":false},"author":1763,"featured_media":0,"comment_status":"closed","ping_status":"closed","sticky":false,"template":"","format":"standard","meta":{"fifu_image_url":"","fifu_image_alt":"","footnotes":""},"categories":[78,54],"tags":[],"class_list":["post-116639","post","type-post","status-publish","format-standard","hentry","category-economie","category-maroc"],"_links":{"self":[{"href":"https:\/\/linitiative.ca\/International\/wp-json\/wp\/v2\/posts\/116639","targetHints":{"allow":["GET"]}}],"collection":[{"href":"https:\/\/linitiative.ca\/International\/wp-json\/wp\/v2\/posts"}],"about":[{"href":"https:\/\/linitiative.ca\/International\/wp-json\/wp\/v2\/types\/post"}],"author":[{"embeddable":true,"href":"https:\/\/linitiative.ca\/International\/wp-json\/wp\/v2\/users\/1763"}],"replies":[{"embeddable":true,"href":"https:\/\/linitiative.ca\/International\/wp-json\/wp\/v2\/comments?post=116639"}],"version-history":[{"count":0,"href":"https:\/\/linitiative.ca\/International\/wp-json\/wp\/v2\/posts\/116639\/revisions"}],"wp:attachment":[{"href":"https:\/\/linitiative.ca\/International\/wp-json\/wp\/v2\/media?parent=116639"}],"wp:term":[{"taxonomy":"category","embeddable":true,"href":"https:\/\/linitiative.ca\/International\/wp-json\/wp\/v2\/categories?post=116639"},{"taxonomy":"post_tag","embeddable":true,"href":"https:\/\/linitiative.ca\/International\/wp-json\/wp\/v2\/tags?post=116639"}],"curies":[{"name":"wp","href":"https:\/\/api.w.org\/{rel}","templated":true}]}}