{"id":116640,"date":"2021-05-12T11:51:32","date_gmt":"2021-05-12T15:51:32","guid":{"rendered":"https:\/\/linitiative.ca\/International\/cmc-lacces-aux-vaccins-va-favoriser-la-reprise\/"},"modified":"2021-05-12T11:51:32","modified_gmt":"2021-05-12T15:51:32","slug":"cmc-lacces-aux-vaccins-va-favoriser-la-reprise","status":"publish","type":"post","link":"https:\/\/linitiative.ca\/International\/cmc-lacces-aux-vaccins-va-favoriser-la-reprise\/","title":{"rendered":"CMC: L&rsquo;acc\u00e8s aux vaccins va favoriser la reprise"},"content":{"rendered":"<p class=\"rtejustify\">Le Centre marocain de conjoncture (CMC) a estim\u00e9 dans sa derni\u00e8re note que la campagne de vaccination, \u00ab\u00a0men\u00e9e \u00e0 un rythme soutenu et d&rsquo;une mani\u00e8re exemplaire\u00a0\u00bb, a apport\u00e9 un grand bol d&rsquo;air au climat des affaires.\u00a0\u00ab\u00a0En d\u00e9pit du l\u00e9ger rebond de la pand\u00e9mie enregistr\u00e9 en d\u00e9but d&rsquo;ann\u00e9e et les multiples restrictions engag\u00e9es par les pouvoirs publics pour contenir le fl\u00e9au, la campagne de vaccination men\u00e9e \u00e0 un rythme soutenu et d&rsquo;une mani\u00e8re exemplaire a apport\u00e9 un grand bol d&rsquo;air au climat des affaires\u00a0\u00bb, pr\u00e9cise le CMC dans son sa derni\u00e8re publication mensuelle \u00ab\u00a0Maroc Conjoncture\u00a0\u00bb n\u00b0335.<\/p>\n<p class=\"rtejustify\">Le CMC estime notammment que l\u2019acc\u00e8s aux vaccins devrait favoriser la confiance et la reprise de l\u2019activit\u00e9, tandis que les sous-performances du tourisme et du secteur des services en g\u00e9n\u00e9ral constituent un facteur de baisse des perspectives \u00e9conomiques. Toutefois, concernant les PME-PMI, le CMC rel\u00e8ve que\u00a0les programmes de soutien \u00e0 l\u2019activit\u00e9 engag\u00e9s dans l\u2019urgence peinent \u00e0 produire les r\u00e9sultats escompt\u00e9s que ce soit au plan de la croissance, de l\u2019emploi ou du progr\u00e8s social. Pour y rem\u00e9dier, il appelle \u00e0\u00a0consolider\u00a0ces programmes de soutien \u00ab\u00a0\u00e0\u00a0travers la facilitation de l\u2019acc\u00e8s au financement mais aussi l\u2019am\u00e9lioration de l\u2019environnement comp\u00e9titif\u00a0\u00bb.<\/p>\n<p class=\"rtejustify\">\u00a0<\/p>\n<p>Auteur: hgueye<br \/>\n<a href=\"https:\/\/www.leconomiste.com\/flash-infos\/cmc-l-acces-aux-vaccins-va-favoriser-la-reprise\">Cliquez ici pour lire l&rsquo;article depuis sa source.<\/a><\/p>\n","protected":false},"excerpt":{"rendered":"<p>Le Centre marocain de conjoncture (CMC) a estim\u00e9 dans sa derni\u00e8re note que la campagne de vaccination, \u00ab\u00a0men\u00e9e \u00e0 un rythme soutenu et d&rsquo;une mani\u00e8re exemplaire\u00a0\u00bb, a apport\u00e9 un grand bol d&rsquo;air au climat des affaires.\u00a0\u00ab\u00a0En d\u00e9pit du l\u00e9ger rebond de la pand\u00e9mie enregistr\u00e9 en d\u00e9but d&rsquo;ann\u00e9e et les multiples restrictions engag\u00e9es par les pouvoirs [&hellip;]<\/p>\n","protected":false},"author":1763,"featured_media":0,"comment_status":"closed","ping_status":"closed","sticky":false,"template":"","format":"standard","meta":{"fifu_image_url":"","fifu_image_alt":"","footnotes":""},"categories":[78,54],"tags":[],"class_list":["post-116640","post","type-post","status-publish","format-standard","hentry","category-economie","category-maroc"],"_links":{"self":[{"href":"https:\/\/linitiative.ca\/International\/wp-json\/wp\/v2\/posts\/116640","targetHints":{"allow":["GET"]}}],"collection":[{"href":"https:\/\/linitiative.ca\/International\/wp-json\/wp\/v2\/posts"}],"about":[{"href":"https:\/\/linitiative.ca\/International\/wp-json\/wp\/v2\/types\/post"}],"author":[{"embeddable":true,"href":"https:\/\/linitiative.ca\/International\/wp-json\/wp\/v2\/users\/1763"}],"replies":[{"embeddable":true,"href":"https:\/\/linitiative.ca\/International\/wp-json\/wp\/v2\/comments?post=116640"}],"version-history":[{"count":0,"href":"https:\/\/linitiative.ca\/International\/wp-json\/wp\/v2\/posts\/116640\/revisions"}],"wp:attachment":[{"href":"https:\/\/linitiative.ca\/International\/wp-json\/wp\/v2\/media?parent=116640"}],"wp:term":[{"taxonomy":"category","embeddable":true,"href":"https:\/\/linitiative.ca\/International\/wp-json\/wp\/v2\/categories?post=116640"},{"taxonomy":"post_tag","embeddable":true,"href":"https:\/\/linitiative.ca\/International\/wp-json\/wp\/v2\/tags?post=116640"}],"curies":[{"name":"wp","href":"https:\/\/api.w.org\/{rel}","templated":true}]}}