{"id":116641,"date":"2021-05-12T12:14:23","date_gmt":"2021-05-12T16:14:23","guid":{"rendered":"https:\/\/linitiative.ca\/International\/aid-el-fitr-les-mesures-de-restriction-maintenues\/"},"modified":"2021-05-12T12:14:23","modified_gmt":"2021-05-12T16:14:23","slug":"aid-el-fitr-les-mesures-de-restriction-maintenues","status":"publish","type":"post","link":"https:\/\/linitiative.ca\/International\/aid-el-fitr-les-mesures-de-restriction-maintenues\/","title":{"rendered":"Aid El Fitr: Les mesures de restriction maintenues"},"content":{"rendered":"<p class=\"rtejustify\">Les mesures de restriction qui avaient \u00e9t\u00e9 prises auparavant pour lutter contre le Covid-19 continueront de s&rsquo;appliquer tout au long des jours de l&rsquo;A\u00efd El Fitr, annonce-t-on \u00e0 l&rsquo;issue du Conseil de gouvernement. Le couvre-feu reste ainsi appliqu\u00e9 de 20 H 00 \u00e0 06 h 00 du matin.\u00a0 Quant aux restrictions de d\u00e9placement inter-villes, ils restent toujours en vigueur, ajoute le Gouvernement.<\/p>\n<p class=\"rtejustify\">\u00a0<\/p>\n<p>Auteur: hgueye<br \/>\n<a href=\"https:\/\/www.leconomiste.com\/flash-infos\/aid-el-fitr-les-mesures-de-restriction-maintenues\">Cliquez ici pour lire l&rsquo;article depuis sa source.<\/a><\/p>\n","protected":false},"excerpt":{"rendered":"<p>Les mesures de restriction qui avaient \u00e9t\u00e9 prises auparavant pour lutter contre le Covid-19 continueront de s&rsquo;appliquer tout au long des jours de l&rsquo;A\u00efd El Fitr, annonce-t-on \u00e0 l&rsquo;issue du Conseil de gouvernement. Le couvre-feu reste ainsi appliqu\u00e9 de 20 H 00 \u00e0 06 h 00 du matin.\u00a0 Quant aux restrictions de d\u00e9placement inter-villes, ils [&hellip;]<\/p>\n","protected":false},"author":1763,"featured_media":0,"comment_status":"closed","ping_status":"closed","sticky":false,"template":"","format":"standard","meta":{"fifu_image_url":"","fifu_image_alt":"","footnotes":""},"categories":[78,54],"tags":[],"class_list":["post-116641","post","type-post","status-publish","format-standard","hentry","category-economie","category-maroc"],"_links":{"self":[{"href":"https:\/\/linitiative.ca\/International\/wp-json\/wp\/v2\/posts\/116641","targetHints":{"allow":["GET"]}}],"collection":[{"href":"https:\/\/linitiative.ca\/International\/wp-json\/wp\/v2\/posts"}],"about":[{"href":"https:\/\/linitiative.ca\/International\/wp-json\/wp\/v2\/types\/post"}],"author":[{"embeddable":true,"href":"https:\/\/linitiative.ca\/International\/wp-json\/wp\/v2\/users\/1763"}],"replies":[{"embeddable":true,"href":"https:\/\/linitiative.ca\/International\/wp-json\/wp\/v2\/comments?post=116641"}],"version-history":[{"count":0,"href":"https:\/\/linitiative.ca\/International\/wp-json\/wp\/v2\/posts\/116641\/revisions"}],"wp:attachment":[{"href":"https:\/\/linitiative.ca\/International\/wp-json\/wp\/v2\/media?parent=116641"}],"wp:term":[{"taxonomy":"category","embeddable":true,"href":"https:\/\/linitiative.ca\/International\/wp-json\/wp\/v2\/categories?post=116641"},{"taxonomy":"post_tag","embeddable":true,"href":"https:\/\/linitiative.ca\/International\/wp-json\/wp\/v2\/tags?post=116641"}],"curies":[{"name":"wp","href":"https:\/\/api.w.org\/{rel}","templated":true}]}}