{"id":116643,"date":"2021-05-12T13:42:43","date_gmt":"2021-05-12T17:42:43","guid":{"rendered":"https:\/\/linitiative.ca\/International\/entrepreneuriat-bcp-sallie-avec-la-ccis-de-la-rabat-sale-kenitra\/"},"modified":"2021-05-12T13:42:43","modified_gmt":"2021-05-12T17:42:43","slug":"entrepreneuriat-bcp-sallie-avec-la-ccis-de-la-rabat-sale-kenitra","status":"publish","type":"post","link":"https:\/\/linitiative.ca\/International\/entrepreneuriat-bcp-sallie-avec-la-ccis-de-la-rabat-sale-kenitra\/","title":{"rendered":"Entrepreneuriat: BCP s\u2019allie avec la CCIS de la Rabat-Sal\u00e9-K\u00e9nitra"},"content":{"rendered":"<p class=\"rtejustify\">Le Groupe BCP poursuit ses actions en faveur de l\u2019entrepreneuriat. La Fondation Cr\u00e9ation d\u2019Entreprises du groupe (FCE) et la Banque Populaire de Rabat-K\u00e9nitra ont scell\u00e9 r\u00e9cemment une convention de partenariat avec la Chambre de commerce, d&rsquo;industrie et de services de Rabat-Sal\u00e9-K\u00e9nitra (CCISRSK).<\/p>\n<p class=\"rtejustify\">Cet accord traduit \u00ab\u00a0une volont\u00e9 commune de d\u00e9cliner de mani\u00e8re intelligente et op\u00e9rationnelle les deux axes du Programme national int\u00e9gr\u00e9 d\u2019appui et de financement des porteurs de projets, des TPE en cr\u00e9ation ou nouvellement cr\u00e9\u00e9es, commun\u00e9ment connu sous le nom d\u2019Intelaka\u00a0\u00bb, explique Hassan Debbagh, pr\u00e9sident du Conseil d&rsquo;administration de la FCE. Dans le cadre du programme Intelaka, la BP de Rabat-Sal\u00e9-K\u00e9nitra a accompagn\u00e9 pr\u00e8s de 1.000 porteurs de projets dans cette r\u00e9gion, soit une enveloppe de 130 millions de DH r\u00e9partis sur diff\u00e9rents secteurs d\u2019activit\u00e9 \u00bb, selon Bouchra Berrada, pr\u00e9sidente du directoire de la BP Rabat-K\u00e9nitra.<\/p>\n<p>Auteur: hgueye<br \/>\n<a href=\"https:\/\/www.leconomiste.com\/flash-infos\/entrepreneuriat-bcp-s-allie-avec-la-ccis-de-la-rabat-sale-kenitra\">Cliquez ici pour lire l&rsquo;article depuis sa source.<\/a><\/p>\n","protected":false},"excerpt":{"rendered":"<p>Le Groupe BCP poursuit ses actions en faveur de l\u2019entrepreneuriat. La Fondation Cr\u00e9ation d\u2019Entreprises du groupe (FCE) et la Banque Populaire de Rabat-K\u00e9nitra ont scell\u00e9 r\u00e9cemment une convention de partenariat avec la Chambre de commerce, d&rsquo;industrie et de services de Rabat-Sal\u00e9-K\u00e9nitra (CCISRSK). Cet accord traduit \u00ab\u00a0une volont\u00e9 commune de d\u00e9cliner de mani\u00e8re intelligente et op\u00e9rationnelle [&hellip;]<\/p>\n","protected":false},"author":1763,"featured_media":0,"comment_status":"closed","ping_status":"closed","sticky":false,"template":"","format":"standard","meta":{"fifu_image_url":"","fifu_image_alt":"","footnotes":""},"categories":[78,54],"tags":[],"class_list":["post-116643","post","type-post","status-publish","format-standard","hentry","category-economie","category-maroc"],"_links":{"self":[{"href":"https:\/\/linitiative.ca\/International\/wp-json\/wp\/v2\/posts\/116643","targetHints":{"allow":["GET"]}}],"collection":[{"href":"https:\/\/linitiative.ca\/International\/wp-json\/wp\/v2\/posts"}],"about":[{"href":"https:\/\/linitiative.ca\/International\/wp-json\/wp\/v2\/types\/post"}],"author":[{"embeddable":true,"href":"https:\/\/linitiative.ca\/International\/wp-json\/wp\/v2\/users\/1763"}],"replies":[{"embeddable":true,"href":"https:\/\/linitiative.ca\/International\/wp-json\/wp\/v2\/comments?post=116643"}],"version-history":[{"count":0,"href":"https:\/\/linitiative.ca\/International\/wp-json\/wp\/v2\/posts\/116643\/revisions"}],"wp:attachment":[{"href":"https:\/\/linitiative.ca\/International\/wp-json\/wp\/v2\/media?parent=116643"}],"wp:term":[{"taxonomy":"category","embeddable":true,"href":"https:\/\/linitiative.ca\/International\/wp-json\/wp\/v2\/categories?post=116643"},{"taxonomy":"post_tag","embeddable":true,"href":"https:\/\/linitiative.ca\/International\/wp-json\/wp\/v2\/tags?post=116643"}],"curies":[{"name":"wp","href":"https:\/\/api.w.org\/{rel}","templated":true}]}}