{"id":116645,"date":"2021-05-12T15:14:06","date_gmt":"2021-05-12T19:14:06","guid":{"rendered":"https:\/\/linitiative.ca\/International\/international-bayern-kahn-ouvre-la-porte-a-une-prolongation\/"},"modified":"2021-05-12T15:14:06","modified_gmt":"2021-05-12T19:14:06","slug":"international-bayern-kahn-ouvre-la-porte-a-une-prolongation","status":"publish","type":"post","link":"https:\/\/linitiative.ca\/International\/international-bayern-kahn-ouvre-la-porte-a-une-prolongation\/","title":{"rendered":"International : Bayern : Kahn ouvre la porte \u00e0 une prolongation"},"content":{"rendered":"<div readability=\"32\">\n<p>Auteur : <span class=\"time\">mercredi 12 mai 2021 14:30<\/span><\/p>\n<\/div>\n<div id=\"post_core\" readability=\"39\">\n<p>Dans des propos rapport\u00e9s par Topmercato, le successeur de Karl-Heinz Rummenigge \u00e0 la t\u00eate du club bavarois a indiqu\u00e9 que la direction n\u2019excluait pas une prolongation du contrat de Niklas S\u00fcle, l\u2019engagement du d\u00e9fenseur central allemand prenant fin en juin 2022. \u00ab\u00a0C\u2019est tout \u00e0 fait envisageable. Il faut \u00e9galement voir quel deal nous pouvons offrir \u00e0 un joueur. Le club est \u00e9conomiquement stable. Le Bayern est une excellente \u00e9quipe qui peut remporter tous les titres. Et cette ville est merveilleuse. Que voulez-vous de plus en tant que joueur ?\u00a0\u00bb\u00a0<\/p>\n<p><strong>Publi\u00e9 dans :<\/strong> <span>Bayern : Kahn<\/span><\/p>\n<\/div>\n<p>Auteur:<br \/>\n<a href=\"http:\/\/www.lebuteur.com\/article\/detail?titre=bayern-kahn-ouvre-la-porte-a-une-prolongation&#038;id=100038&#038;utm_source=feedburner&#038;utm_medium=feed&#038;utm_campaign=Feed%3A+GalerieFArtciles+%28Les+derniers+articles++-+lebuteur.com%29\">Cliquez ici pour lire l&rsquo;article depuis sa source.<\/a><\/p>\n","protected":false},"excerpt":{"rendered":"<p>Auteur : mercredi 12 mai 2021 14:30 Dans des propos rapport\u00e9s par Topmercato, le successeur de Karl-Heinz Rummenigge \u00e0 la t\u00eate du club bavarois a indiqu\u00e9 que la direction n\u2019excluait pas une prolongation du contrat de Niklas S\u00fcle, l\u2019engagement du d\u00e9fenseur central allemand prenant fin en juin 2022. \u00ab\u00a0C\u2019est tout \u00e0 fait envisageable. Il faut [&hellip;]<\/p>\n","protected":false},"author":1738,"featured_media":0,"comment_status":"closed","ping_status":"closed","sticky":false,"template":"","format":"standard","meta":{"fifu_image_url":"\/\/cdn.lebuteur.com\/data\/images\/article\/thumbs\/large-100038bayern-kahn-ouvre-la-porte-a-une-prolongation-bd85d.jpg","fifu_image_alt":"International : Bayern : Kahn ouvre la porte \u00e0 une prolongation","footnotes":""},"categories":[53,75],"tags":[],"class_list":["post-116645","post","type-post","status-publish","format-standard","hentry","category-algerie","category-sport"],"_links":{"self":[{"href":"https:\/\/linitiative.ca\/International\/wp-json\/wp\/v2\/posts\/116645","targetHints":{"allow":["GET"]}}],"collection":[{"href":"https:\/\/linitiative.ca\/International\/wp-json\/wp\/v2\/posts"}],"about":[{"href":"https:\/\/linitiative.ca\/International\/wp-json\/wp\/v2\/types\/post"}],"author":[{"embeddable":true,"href":"https:\/\/linitiative.ca\/International\/wp-json\/wp\/v2\/users\/1738"}],"replies":[{"embeddable":true,"href":"https:\/\/linitiative.ca\/International\/wp-json\/wp\/v2\/comments?post=116645"}],"version-history":[{"count":0,"href":"https:\/\/linitiative.ca\/International\/wp-json\/wp\/v2\/posts\/116645\/revisions"}],"wp:attachment":[{"href":"https:\/\/linitiative.ca\/International\/wp-json\/wp\/v2\/media?parent=116645"}],"wp:term":[{"taxonomy":"category","embeddable":true,"href":"https:\/\/linitiative.ca\/International\/wp-json\/wp\/v2\/categories?post=116645"},{"taxonomy":"post_tag","embeddable":true,"href":"https:\/\/linitiative.ca\/International\/wp-json\/wp\/v2\/tags?post=116645"}],"curies":[{"name":"wp","href":"https:\/\/api.w.org\/{rel}","templated":true}]}}