{"id":116646,"date":"2021-05-12T15:14:07","date_gmt":"2021-05-12T19:14:07","guid":{"rendered":"https:\/\/linitiative.ca\/International\/international-barcelone-ronald-koeman-a-tres-chaud-pour-son-avenir\/"},"modified":"2021-05-12T15:14:07","modified_gmt":"2021-05-12T19:14:07","slug":"international-barcelone-ronald-koeman-a-tres-chaud-pour-son-avenir","status":"publish","type":"post","link":"https:\/\/linitiative.ca\/International\/international-barcelone-ronald-koeman-a-tres-chaud-pour-son-avenir\/","title":{"rendered":"International : Barcelone : Ronald Koeman a tr\u00e8s chaud pour son avenir !"},"content":{"rendered":"<div readability=\"32\">\n<p>Auteur : <span class=\"time\">mercredi 12 mai 2021 16:00<\/span><\/p>\n<\/div>\n<div id=\"post_core\" readability=\"43\">\n<p>Sous contrat jusqu\u2019en juin 2022, le N\u00e9erlandais n\u2019est pas assur\u00e9 de poursuivre l\u2019aventure en Catalogne, puisque son avenir est remis en question depuis le retour de\u00a0Joan\u00a0Laporta\u00a0\u00e0 la t\u00eate du club. Selon Le 10 Sport, le pr\u00e9sident du\u00a0Bar\u00e7a\u00a0souhaite en effet proc\u00e9der \u00e0 de nombreux changements et n\u2019\u00e9carterait pas la possibilit\u00e9 de nommer un nouvel\u00a0entra\u00eeneur, et les derniers r\u00e9sultats de l\u2019\u00e9quipe catalane ne plaident pas en faveur de\u00a0Ronald\u00a0Koeman. Apr\u00e8s la d\u00e9faite surprise face \u00e0\u00a0Grenade\u00a0et le nul conc\u00e9d\u00e9 lors de la r\u00e9ception de l\u2019Atl\u00e9tico\u00a0de\u00a0Madrid\u00a0samedi dernier, le\u00a0FC\u00a0Barcelone\u00a0a de nouveau \u00e9t\u00e9 accroch\u00e9 ce mardi soir face \u00e0\u00a0Levante\u00a0(3-3), apr\u00e8s avoir pourtant men\u00e9 au score 2-0 \u00e0 la mi-temps. Incitant\u00a0Joan Laporta\u00a0\u00e0 agir.<\/p>\n<p><strong>Publi\u00e9 dans :<\/strong> <span>Barcelone : Ronald Koeman<\/span><\/p>\n<\/div>\n<p>Auteur:<br \/>\n<a href=\"http:\/\/www.lebuteur.com\/article\/detail?titre=barcelone-ronald-koeman-a-tres-chaud-pour-son-avenir&#038;id=100039&#038;utm_source=feedburner&#038;utm_medium=feed&#038;utm_campaign=Feed%3A+GalerieFArtciles+%28Les+derniers+articles++-+lebuteur.com%29\">Cliquez ici pour lire l&rsquo;article depuis sa source.<\/a><\/p>\n","protected":false},"excerpt":{"rendered":"<p>Auteur : mercredi 12 mai 2021 16:00 Sous contrat jusqu\u2019en juin 2022, le N\u00e9erlandais n\u2019est pas assur\u00e9 de poursuivre l\u2019aventure en Catalogne, puisque son avenir est remis en question depuis le retour de\u00a0Joan\u00a0Laporta\u00a0\u00e0 la t\u00eate du club. Selon Le 10 Sport, le pr\u00e9sident du\u00a0Bar\u00e7a\u00a0souhaite en effet proc\u00e9der \u00e0 de nombreux changements et n\u2019\u00e9carterait pas la [&hellip;]<\/p>\n","protected":false},"author":1738,"featured_media":0,"comment_status":"closed","ping_status":"closed","sticky":false,"template":"","format":"standard","meta":{"fifu_image_url":"\/\/cdn.lebuteur.com\/data\/images\/article\/thumbs\/large-barcelone-ronald-koeman-a-tres-chaud-pour-son-avenir-01de9.jpg","fifu_image_alt":"International : Barcelone : Ronald Koeman a tr\u00e8s chaud pour son avenir !","footnotes":""},"categories":[53,75],"tags":[],"class_list":["post-116646","post","type-post","status-publish","format-standard","hentry","category-algerie","category-sport"],"_links":{"self":[{"href":"https:\/\/linitiative.ca\/International\/wp-json\/wp\/v2\/posts\/116646","targetHints":{"allow":["GET"]}}],"collection":[{"href":"https:\/\/linitiative.ca\/International\/wp-json\/wp\/v2\/posts"}],"about":[{"href":"https:\/\/linitiative.ca\/International\/wp-json\/wp\/v2\/types\/post"}],"author":[{"embeddable":true,"href":"https:\/\/linitiative.ca\/International\/wp-json\/wp\/v2\/users\/1738"}],"replies":[{"embeddable":true,"href":"https:\/\/linitiative.ca\/International\/wp-json\/wp\/v2\/comments?post=116646"}],"version-history":[{"count":0,"href":"https:\/\/linitiative.ca\/International\/wp-json\/wp\/v2\/posts\/116646\/revisions"}],"wp:attachment":[{"href":"https:\/\/linitiative.ca\/International\/wp-json\/wp\/v2\/media?parent=116646"}],"wp:term":[{"taxonomy":"category","embeddable":true,"href":"https:\/\/linitiative.ca\/International\/wp-json\/wp\/v2\/categories?post=116646"},{"taxonomy":"post_tag","embeddable":true,"href":"https:\/\/linitiative.ca\/International\/wp-json\/wp\/v2\/tags?post=116646"}],"curies":[{"name":"wp","href":"https:\/\/api.w.org\/{rel}","templated":true}]}}