{"id":116647,"date":"2021-05-12T15:14:09","date_gmt":"2021-05-12T19:14:09","guid":{"rendered":"https:\/\/linitiative.ca\/International\/international-real-zidane-et-marcelo-se-seraient-accroches-a-lentrainement\/"},"modified":"2021-05-12T15:14:09","modified_gmt":"2021-05-12T19:14:09","slug":"international-real-zidane-et-marcelo-se-seraient-accroches-a-lentrainement","status":"publish","type":"post","link":"https:\/\/linitiative.ca\/International\/international-real-zidane-et-marcelo-se-seraient-accroches-a-lentrainement\/","title":{"rendered":"International : Real : Zidane et Marcelo se seraient accroch\u00e9s \u00e0 l&rsquo;entrainement"},"content":{"rendered":"<div readability=\"32\">\n<p>Auteur : <span class=\"time\">mercredi 12 mai 2021 18:20<\/span><\/p>\n<\/div>\n<div id=\"post_core\" readability=\"58\">\n<p>Apr\u00e8s 15 heures ce mercredi, la nouvelle a \u00e9clat\u00e9 apr\u00e8s la convocation des joueurs du Real Madrid pour la visite \u00e0 Grenade (ce jeudi, 21 heures) Marcelo, \u00e0 son 33e anniversaire, ne figurait pas sur la liste comme le souligne Goal.<\/p>\n<p>Imm\u00e9diatement, une nouvelle blessure \u00e9tait \u00e0 craindre, mais Goal a pu apprendre \u00e0 travers le club, le vestiaire et l&rsquo;entourage du joueur qu&rsquo;il n&rsquo;avait pas de probl\u00e8mes physiques.<\/p>\n<p>De plus, la raison en est une discussion entre Zizou et l&rsquo;arri\u00e8re lat\u00e9ral lors de la s\u00e9ance d&rsquo;hier.\u00a0<\/p>\n<p>Ces sources consult\u00e9es expliquent que Marcelo s&rsquo;est entrain\u00e9 normalement aujourd&rsquo;hui \u00e0 Valdebebas. Le Br\u00e9silien a souffert d&rsquo;un souci physique en premi\u00e8re mi-temps de Real Madrid-S\u00e9ville (2-2), mais il s&rsquo;est r\u00e9tabli.<\/p>\n<p>La dispute a \u00e9t\u00e9 provoqu\u00e9e par un \u00e9change d\u2019opinions sur des questions li\u00e9es aux tactiques de d\u00e9fense. Marcelo \u00e9tait en col\u00e8re contre Zidane.<\/p>\n<p><strong>Publi\u00e9 dans :<\/strong> <span>real madrid<\/span><\/p>\n<\/div>\n<p>Auteur:<br \/>\n<a href=\"http:\/\/www.lebuteur.com\/article\/detail?titre=real-zidane-et-marcelo-se-seraient-accroches-a-lentrainement&#038;id=100040&#038;utm_source=feedburner&#038;utm_medium=feed&#038;utm_campaign=Feed%3A+GalerieFArtciles+%28Les+derniers+articles++-+lebuteur.com%29\">Cliquez ici pour lire l&rsquo;article depuis sa source.<\/a><\/p>\n","protected":false},"excerpt":{"rendered":"<p>Auteur : mercredi 12 mai 2021 18:20 Apr\u00e8s 15 heures ce mercredi, la nouvelle a \u00e9clat\u00e9 apr\u00e8s la convocation des joueurs du Real Madrid pour la visite \u00e0 Grenade (ce jeudi, 21 heures) Marcelo, \u00e0 son 33e anniversaire, ne figurait pas sur la liste comme le souligne Goal. Imm\u00e9diatement, une nouvelle blessure \u00e9tait \u00e0 craindre, [&hellip;]<\/p>\n","protected":false},"author":1738,"featured_media":0,"comment_status":"closed","ping_status":"closed","sticky":false,"template":"","format":"standard","meta":{"fifu_image_url":"\/\/cdn.lebuteur.com\/data\/images\/article\/thumbs\/large-real-zidane-et-marcelo-se-seraient-accroches-a-lentrainement-4b540.jpg","fifu_image_alt":"International : Real : Zidane et Marcelo se seraient accroch\u00e9s \u00e0 l'entrainement","footnotes":""},"categories":[53,75],"tags":[],"class_list":["post-116647","post","type-post","status-publish","format-standard","hentry","category-algerie","category-sport"],"_links":{"self":[{"href":"https:\/\/linitiative.ca\/International\/wp-json\/wp\/v2\/posts\/116647","targetHints":{"allow":["GET"]}}],"collection":[{"href":"https:\/\/linitiative.ca\/International\/wp-json\/wp\/v2\/posts"}],"about":[{"href":"https:\/\/linitiative.ca\/International\/wp-json\/wp\/v2\/types\/post"}],"author":[{"embeddable":true,"href":"https:\/\/linitiative.ca\/International\/wp-json\/wp\/v2\/users\/1738"}],"replies":[{"embeddable":true,"href":"https:\/\/linitiative.ca\/International\/wp-json\/wp\/v2\/comments?post=116647"}],"version-history":[{"count":0,"href":"https:\/\/linitiative.ca\/International\/wp-json\/wp\/v2\/posts\/116647\/revisions"}],"wp:attachment":[{"href":"https:\/\/linitiative.ca\/International\/wp-json\/wp\/v2\/media?parent=116647"}],"wp:term":[{"taxonomy":"category","embeddable":true,"href":"https:\/\/linitiative.ca\/International\/wp-json\/wp\/v2\/categories?post=116647"},{"taxonomy":"post_tag","embeddable":true,"href":"https:\/\/linitiative.ca\/International\/wp-json\/wp\/v2\/tags?post=116647"}],"curies":[{"name":"wp","href":"https:\/\/api.w.org\/{rel}","templated":true}]}}