{"id":116648,"date":"2021-05-12T15:14:11","date_gmt":"2021-05-12T19:14:11","guid":{"rendered":"https:\/\/linitiative.ca\/International\/pros-nimes-ferhat-dans-le-viseur-dun-autre-club-francais\/"},"modified":"2021-05-12T15:14:11","modified_gmt":"2021-05-12T19:14:11","slug":"pros-nimes-ferhat-dans-le-viseur-dun-autre-club-francais","status":"publish","type":"post","link":"https:\/\/linitiative.ca\/International\/pros-nimes-ferhat-dans-le-viseur-dun-autre-club-francais\/","title":{"rendered":"Pros : N\u00eemes : Ferhat dans le viseur d&rsquo;un autre club fran\u00e7ais"},"content":{"rendered":"<div readability=\"32\">\n<p>Auteur : <span class=\"time\">mercredi 12 mai 2021 19:08<\/span><\/p>\n<\/div>\n<div id=\"post_core\" readability=\"42\">\n<p>\u00c0 l\u2019approche de l\u2019ouverture officielle du mercato estival, le nom de Zin\u00e9dine Ferhat est \u00e0 nouveau associ\u00e9 \u00e0 l&rsquo;AS Saint Etienne.<\/p>\n<p>Foot Mercato confirme l\u2019int\u00e9r\u00eat des St\u00e9phnaois pour le joueur de 28 ans. M\u00eame si le club gardois r\u00e9ussit \u00e0 se maintenir dans l\u2019\u00e9lite, il ne pourrait pas compter sur Zinedine Ferhat la saison prochaine. Ce dernier a d\u00e9clar\u00e9 r\u00e9cemment, sur BeIN Sports qu\u2019il joue sa derni\u00e8re saison sous le maillot du NO comme le rapporte Foot-sur7. Pour recruter l\u2019international alg\u00e9rien (11 s\u00e9lections) \u00e0 N\u00eemes, l\u2019 ASSE devra mettre les moyens. Sa valeur marchande est estim\u00e9e \u00e0 8 M\u20ac par le site sp\u00e9cialis\u00e9 Transfermarkt.<\/p>\n<p><strong>Publi\u00e9 dans :<\/strong> <span>ferhat<\/span><\/p>\n<\/div>\n<p>Auteur:<br \/>\n<a href=\"http:\/\/www.lebuteur.com\/article\/detail?titre=nimes-ferhat-dans-le-viseur-dun-autre-club-francais&#038;id=100041&#038;utm_source=feedburner&#038;utm_medium=feed&#038;utm_campaign=Feed%3A+GalerieFArtciles+%28Les+derniers+articles++-+lebuteur.com%29\">Cliquez ici pour lire l&rsquo;article depuis sa source.<\/a><\/p>\n","protected":false},"excerpt":{"rendered":"<p>Auteur : mercredi 12 mai 2021 19:08 \u00c0 l\u2019approche de l\u2019ouverture officielle du mercato estival, le nom de Zin\u00e9dine Ferhat est \u00e0 nouveau associ\u00e9 \u00e0 l&rsquo;AS Saint Etienne. Foot Mercato confirme l\u2019int\u00e9r\u00eat des St\u00e9phnaois pour le joueur de 28 ans. M\u00eame si le club gardois r\u00e9ussit \u00e0 se maintenir dans l\u2019\u00e9lite, il ne pourrait pas [&hellip;]<\/p>\n","protected":false},"author":1738,"featured_media":0,"comment_status":"closed","ping_status":"closed","sticky":false,"template":"","format":"standard","meta":{"fifu_image_url":"\/\/cdn.lebuteur.com\/data\/images\/article\/thumbs\/large-nimes-ferhat-dans-le-viseur-dun-autre-club-francais-2b106.jpg","fifu_image_alt":"Pros : N\u00eemes : Ferhat dans le viseur d'un autre club fran\u00e7ais","footnotes":""},"categories":[53,75],"tags":[],"class_list":["post-116648","post","type-post","status-publish","format-standard","hentry","category-algerie","category-sport"],"_links":{"self":[{"href":"https:\/\/linitiative.ca\/International\/wp-json\/wp\/v2\/posts\/116648","targetHints":{"allow":["GET"]}}],"collection":[{"href":"https:\/\/linitiative.ca\/International\/wp-json\/wp\/v2\/posts"}],"about":[{"href":"https:\/\/linitiative.ca\/International\/wp-json\/wp\/v2\/types\/post"}],"author":[{"embeddable":true,"href":"https:\/\/linitiative.ca\/International\/wp-json\/wp\/v2\/users\/1738"}],"replies":[{"embeddable":true,"href":"https:\/\/linitiative.ca\/International\/wp-json\/wp\/v2\/comments?post=116648"}],"version-history":[{"count":0,"href":"https:\/\/linitiative.ca\/International\/wp-json\/wp\/v2\/posts\/116648\/revisions"}],"wp:attachment":[{"href":"https:\/\/linitiative.ca\/International\/wp-json\/wp\/v2\/media?parent=116648"}],"wp:term":[{"taxonomy":"category","embeddable":true,"href":"https:\/\/linitiative.ca\/International\/wp-json\/wp\/v2\/categories?post=116648"},{"taxonomy":"post_tag","embeddable":true,"href":"https:\/\/linitiative.ca\/International\/wp-json\/wp\/v2\/tags?post=116648"}],"curies":[{"name":"wp","href":"https:\/\/api.w.org\/{rel}","templated":true}]}}