{"id":116651,"date":"2021-05-12T05:48:04","date_gmt":"2021-05-12T09:48:04","guid":{"rendered":"https:\/\/linitiative.ca\/International\/greve-dans-le-secteur-de-leducation-mohamed-ouadjaout-appelle-au-dialogue\/"},"modified":"2021-05-12T05:48:04","modified_gmt":"2021-05-12T09:48:04","slug":"greve-dans-le-secteur-de-leducation-mohamed-ouadjaout-appelle-au-dialogue","status":"publish","type":"post","link":"https:\/\/linitiative.ca\/International\/greve-dans-le-secteur-de-leducation-mohamed-ouadjaout-appelle-au-dialogue\/","title":{"rendered":"Gr\u00e8ve dans le secteur de l\u2019\u00c9ducation : Mohamed Ouadjaout appelle au dialogue"},"content":{"rendered":"<h4 class=\"title-14\"\/>\n<div class=\"featured_image\"><img loading=\"lazy\" decoding=\"async\" width=\"700\" height=\"452\" src=\"https:\/\/www.elwatan.com\/wp-content\/uploads\/2020\/05\/EDUC.jpg\" class=\"attachment-post-thumbnail size-post-thumbnail wp-post-image\" alt=\"Mohamed Ouadjaout, ministre de l\u2019\u00c9ducation nationale\" srcset=\"https:\/\/www.elwatan.com\/wp-content\/uploads\/2020\/05\/EDUC.jpg 700w, https:\/\/www.elwatan.com\/wp-content\/uploads\/2020\/05\/EDUC-300x194.jpg 300w\" sizes=\"auto, (max-width: 700px) 100vw, 700px\"\/> <span class=\"featured-image-caption\">Le ministre de l&rsquo;Education nationale, Mohamed Ouadjaout<\/span><\/div>\n<p>Les syndicats sont invit\u00e9s au dialogue d\u00e8s lundi prochain. C\u2019est ce qu\u2019a annonc\u00e9 le minist\u00e8re de l\u2019Education nationale dans un communiqu\u00e9 rendu public sur sa page Facebook.<\/p>\n<p>Une d\u00e9marche qui intervient apr\u00e8s une s\u00e9rie de provocations et l\u2019\u00e9chec des n\u00e9gociations, poussant les syndicats \u00e0 aller au bout de leur d\u00e9marche protestataire. A l\u2019ordre du jour de ces rencontres, la r\u00e9ouverture du dossier du statut particulier et la discussion des probl\u00e8mes socioprofessionnels relev\u00e9s.<\/p>\n<p>Quel r\u00e9sultat attendre de ces rencontres\u00a0? Les syndicalistes restent pessimistes. \u00abNous n\u2019attendons pas grand-chose d\u2019une tutelle qui a d\u00e9montr\u00e9 son incapacit\u00e9 \u00e0 \u00eatre aux c\u00f4t\u00e9 des travailleurs qui constituent sa matrice sur le terrain. Notre revendication principale est la protection du pouvoir d\u2019achat. Nous attendons des d\u00e9cisions du gouvernement quant \u00e0 la r\u00e9vision de la politique salariale des travailleurs.<\/p>\n<p>Le probl\u00e8me du pays n\u2019est pas la crise financi\u00e8re, mais l\u2019injustice dans la r\u00e9partition des richesses\u00bb, mart\u00e8le Boualem Amoura, secr\u00e9taire g\u00e9n\u00e9ral du Syndicat autonome des travailleurs de l\u2019\u00e9ducation et de la formation (Satef).<\/p>\n<p>Pour Sadek Dziri, pr\u00e9sident de l\u2019Union nationale du personnel de l\u2019\u00e9ducation et de la formation (Unpef), la situation m\u00e9rite une meilleure communication et surtout une \u00abintention r\u00e9elle\u00bb de r\u00e9pondre favorablement aux revendications des travailleurs. Ces derniers r\u00e9clament une am\u00e9lioration de leurs conditions socioprofessionnelles. \u00abNous savons tr\u00e8s bien que les dossiers relev\u00e9s sont lourds et ne peuvent \u00eatre solutionn\u00e9s rapidement.<\/p>\n<p>Toutefois, il est tout \u00e0 fait possible de d\u00e9montrer la bonne intention du gouvernement en donnant des solutions provisoires et d\u2019urgence afin d\u2019apaiser la tension dans le secteur\u00bb, souligne notre interlocuteur qui propose l\u2019attribution d\u2019une prime sp\u00e9cifique aux travailleurs de l\u2019\u00e9ducation afin de pallier \u00e0 la d\u00e9t\u00e9rioration du pouvoir d\u2019achat, en attendant la r\u00e9vision de la politique salariale.<\/p>\n<p>Une proposition appuy\u00e9e par la majorit\u00e9 des syndicats, notamment ceux qui ont appel\u00e9 \u00e0 la gr\u00e8ve de 3 jours. D\u2019ailleurs, les 14 syndicats autonomes, engag\u00e9s dans ce mouvement revendicatif, devront se rencontrer la semaine prochaine pour d\u00e9cider de la suite \u00e0 donner \u00e0 leurs actions de protestation.<\/p>\n<p>Pour Meziane Meriane, coordinateur national du Syndicat des professeurs de l\u2019enseignement secondaire et technique (Snapeste), le risque sur les examens de fin d\u2019ann\u00e9e est r\u00e9el. \u00abLa piste du boycott sera \u00e9tudi\u00e9e lors de notre prochaine rencontre. Nous sommes toutefois tr\u00e8s satisfaits de la mobilisation de notre base syndicale qui a r\u00e9pondu \u00e0 notre appel. Le taux de participation durant ces 3 jours a d\u00e9pass\u00e9 les 75%.<\/p>\n<p>Ce qui t\u00e9moigne de la col\u00e8re des travailleurs du secteur\u00bb, d\u00e9clare M. Meriane. Il est \u00e0 rappeler que les principales revendications des fonctionnaires du secteur sont la protection du pouvoir d\u2019achat des travailleurs, la revalorisation \u00e0 100% du point indiciaire, l\u2019application du d\u00e9cret pr\u00e9sidentiel 266-14 avec effet r\u00e9troactif, le statut particulier, la r\u00e9gularisation des incidences financi\u00e8res et du dossier des dipl\u00f4m\u00e9s des \u00e9coles sup\u00e9rieures, la r\u00e9vision des programmes, la diminution du volume horaire et la lib\u00e9ration des \u00e9tablissements primaires de la mainmise des collectivit\u00e9s locales.<\/p>\n<p><span class=\"post-views-label\">Post Views:<\/span> <span class=\"post-views-count\">806<\/span><\/p>\n<p><br class=\"c3\"\/><\/p>\n<div class=\"ichhar-moneytagnative c5\" id=\"ichhar-1733815434\">\n<p>Advertisements<\/p>\n<\/div>\n<p><br class=\"c3\"\/><br \/>\n<br class=\"c6\"\/><\/p>\n<p>Auteur: Hicham Chouadria<br \/>\n<a href=\"https:\/\/www.elwatan.com\/edition\/actualite\/greve-dans-le-secteur-de-leducation-mohamed-ouadjaout-appelle-au-dialogue-12-05-2021\">Cliquez ici pour lire l&rsquo;article depuis sa source.<\/a><\/p>\n","protected":false},"excerpt":{"rendered":"<p>Le ministre de l&rsquo;Education nationale, Mohamed Ouadjaout Les syndicats sont invit\u00e9s au dialogue d\u00e8s lundi prochain. C\u2019est ce qu\u2019a annonc\u00e9 le minist\u00e8re de l\u2019Education nationale dans un communiqu\u00e9 rendu public sur sa page Facebook. Une d\u00e9marche qui intervient apr\u00e8s une s\u00e9rie de provocations et l\u2019\u00e9chec des n\u00e9gociations, poussant les syndicats \u00e0 aller au bout de [&hellip;]<\/p>\n","protected":false},"author":1743,"featured_media":0,"comment_status":"closed","ping_status":"closed","sticky":false,"template":"","format":"standard","meta":{"fifu_image_url":"https:\/\/www.elwatan.com\/wp-content\/uploads\/2020\/05\/EDUC.jpg","fifu_image_alt":"Gr\u00e8ve dans le secteur de l\u2019\u00c9ducation : Mohamed Ouadjaout appelle au dialogue","footnotes":""},"categories":[73,53],"tags":[],"class_list":["post-116651","post","type-post","status-publish","format-standard","hentry","category-actualite","category-algerie"],"_links":{"self":[{"href":"https:\/\/linitiative.ca\/International\/wp-json\/wp\/v2\/posts\/116651","targetHints":{"allow":["GET"]}}],"collection":[{"href":"https:\/\/linitiative.ca\/International\/wp-json\/wp\/v2\/posts"}],"about":[{"href":"https:\/\/linitiative.ca\/International\/wp-json\/wp\/v2\/types\/post"}],"author":[{"embeddable":true,"href":"https:\/\/linitiative.ca\/International\/wp-json\/wp\/v2\/users\/1743"}],"replies":[{"embeddable":true,"href":"https:\/\/linitiative.ca\/International\/wp-json\/wp\/v2\/comments?post=116651"}],"version-history":[{"count":0,"href":"https:\/\/linitiative.ca\/International\/wp-json\/wp\/v2\/posts\/116651\/revisions"}],"wp:attachment":[{"href":"https:\/\/linitiative.ca\/International\/wp-json\/wp\/v2\/media?parent=116651"}],"wp:term":[{"taxonomy":"category","embeddable":true,"href":"https:\/\/linitiative.ca\/International\/wp-json\/wp\/v2\/categories?post=116651"},{"taxonomy":"post_tag","embeddable":true,"href":"https:\/\/linitiative.ca\/International\/wp-json\/wp\/v2\/tags?post=116651"}],"curies":[{"name":"wp","href":"https:\/\/api.w.org\/{rel}","templated":true}]}}