{"id":116652,"date":"2021-05-12T05:48:09","date_gmt":"2021-05-12T09:48:09","guid":{"rendered":"https:\/\/linitiative.ca\/International\/amnesty-fustige-un-usage-illegal-de-la-force-par-israel-a-jerusalem-est\/"},"modified":"2021-05-12T05:48:09","modified_gmt":"2021-05-12T09:48:09","slug":"amnesty-fustige-un-usage-illegal-de-la-force-par-israel-a-jerusalem-est","status":"publish","type":"post","link":"https:\/\/linitiative.ca\/International\/amnesty-fustige-un-usage-illegal-de-la-force-par-israel-a-jerusalem-est\/","title":{"rendered":"Amnesty fustige un \u00abusage ill\u00e9gal de la force\u00bb par Isra\u00ebl \u00e0 J\u00e9rusalem-Est"},"content":{"rendered":"<h4 class=\"title-14\"\/>\n<p>Amnesty International a d\u00e9nonc\u00e9 hier un \u00abusage ill\u00e9gal et abusif de la force\u00bb par Isra\u00ebl contre des manifestants palestiniens \u00aben grande partie pacifiques\u00bb lors de heurts \u00e0 J\u00e9rusalem-Est qui ont bless\u00e9 des centaines de Palestiniens et des dizaines de policiers. Isra\u00ebl a fermement d\u00e9fendu hier la conduite de ses officiers, affirmant qu\u2019ils ripostaient aux \u00abviolents \u00e9meutiers\u00bb par des mesures appropri\u00e9es.<\/p>\n<p>Mais le groupe de d\u00e9fense des droits de l\u2019homme bas\u00e9 \u00e0 Londres a qualifi\u00e9 certaines de ces mesures de \u00abdisproportionn\u00e9es et ill\u00e9gales\u00bb, accusant les forces de s\u00e9curit\u00e9 isra\u00e9liennes \u00abd\u2019attaques non justifi\u00e9es contre des manifestants pacifiques\u00bb.<\/p>\n<p>Le communiqu\u00e9 d\u2019Amnesty est intervenu dans un contexte de regain de tension in\u00e9dit depuis des ann\u00e9es \u00e0 J\u00e9rusalem-Est, secteur palestinien de la ville sainte annex\u00e9 par Isra\u00ebl depuis plus de 50 ans. Lundi, quelque 520 Palestiniens et 32 policiers ont \u00e9t\u00e9 bless\u00e9s dans de nouveaux heurts avec la police isra\u00e9lienne sur l\u2019Esplanade des mosqu\u00e9es et dans d\u2019autres secteurs de J\u00e9rusalem-Est. La police isra\u00e9lienne a fait usage de grenades assourdissantes, de balles en caoutchouc, de gaz lacrymog\u00e8nes et de canons \u00e0 eau putride contre des Palestiniens qui lan\u00e7aient des pierres, des bouteilles et des feux d\u2019artifice sur les policiers. Selon Amnesty, Isra\u00ebl a utilis\u00e9 une force excessive pendant plusieurs semaines de manifestations \u00e0 J\u00e9rusalem-Est.<\/p>\n<p>L\u2019ONG cite notamment la dispersion la semaine derni\u00e8re par les forces isra\u00e9liennes d\u2019un rassemblement pacifique de Palestiniens scandant contre une tentative de la part d\u2019Isra\u00e9liens de les expulser de leurs maisons dans le quartier de Cheikh Jarrah.<\/p>\n<p>Des forces \u00e0 cheval ont fonc\u00e9 sur la foule, pi\u00e9tinant un homme qui tentait de s\u2019enfuir, pr\u00e9cise Amnesty. Le groupe de d\u00e9fense des droits de l\u2019homme a appel\u00e9 la communaut\u00e9 internationale \u00ab\u00e0 tenir Isra\u00ebl pour responsable de ses violations syst\u00e9miques\u00bb. Les violences dans la ville sainte se sont doubl\u00e9es lundi soir par l\u2019\u00e9change de centaines de tirs entre Isra\u00ebl et les groupes arm\u00e9s de Ghaza faisant plus de 20 morts dans l\u2019enclave palestinienne, dont 9 enfants, selon les autorit\u00e9s sanitaires locales. L\u2019ONG Save the Children, \u00e9galement bas\u00e9e \u00e0 Londres, s\u2019est dit \u00abhorrifi\u00e9e\u00bb par les raids a\u00e9riens isra\u00e9liens appelant \u00e0 cesser \u00abde cibler et tuer des civils sans discernement\u00bb.<\/p>\n<p><span class=\"post-views-label\">Post Views:<\/span> <span class=\"post-views-count\">163<\/span><\/p>\n<p><br class=\"c3\"\/><\/p>\n<div class=\"ichhar-moneytagnative c5\" id=\"ichhar-1352994792\">\n<p>Advertisements<\/p>\n<\/div>\n<p><br class=\"c3\"\/><br \/>\n<br class=\"c6\"\/><\/p>\n<p>Auteur: Hicham Chouadria<br \/>\n<a href=\"https:\/\/www.elwatan.com\/edition\/international\/amnesty-fustige-un-usage-illegal-de-la-force-par-israel-a-jerusalem-est-12-05-2021\">Cliquez ici pour lire l&rsquo;article depuis sa source.<\/a><\/p>\n","protected":false},"excerpt":{"rendered":"<p>Amnesty International a d\u00e9nonc\u00e9 hier un \u00abusage ill\u00e9gal et abusif de la force\u00bb par Isra\u00ebl contre des manifestants palestiniens \u00aben grande partie pacifiques\u00bb lors de heurts \u00e0 J\u00e9rusalem-Est qui ont bless\u00e9 des centaines de Palestiniens et des dizaines de policiers. Isra\u00ebl a fermement d\u00e9fendu hier la conduite de ses officiers, affirmant qu\u2019ils ripostaient aux \u00abviolents [&hellip;]<\/p>\n","protected":false},"author":1743,"featured_media":0,"comment_status":"closed","ping_status":"closed","sticky":false,"template":"","format":"standard","meta":{"fifu_image_url":"","fifu_image_alt":"","footnotes":""},"categories":[73,53],"tags":[],"class_list":["post-116652","post","type-post","status-publish","format-standard","hentry","category-actualite","category-algerie"],"_links":{"self":[{"href":"https:\/\/linitiative.ca\/International\/wp-json\/wp\/v2\/posts\/116652","targetHints":{"allow":["GET"]}}],"collection":[{"href":"https:\/\/linitiative.ca\/International\/wp-json\/wp\/v2\/posts"}],"about":[{"href":"https:\/\/linitiative.ca\/International\/wp-json\/wp\/v2\/types\/post"}],"author":[{"embeddable":true,"href":"https:\/\/linitiative.ca\/International\/wp-json\/wp\/v2\/users\/1743"}],"replies":[{"embeddable":true,"href":"https:\/\/linitiative.ca\/International\/wp-json\/wp\/v2\/comments?post=116652"}],"version-history":[{"count":0,"href":"https:\/\/linitiative.ca\/International\/wp-json\/wp\/v2\/posts\/116652\/revisions"}],"wp:attachment":[{"href":"https:\/\/linitiative.ca\/International\/wp-json\/wp\/v2\/media?parent=116652"}],"wp:term":[{"taxonomy":"category","embeddable":true,"href":"https:\/\/linitiative.ca\/International\/wp-json\/wp\/v2\/categories?post=116652"},{"taxonomy":"post_tag","embeddable":true,"href":"https:\/\/linitiative.ca\/International\/wp-json\/wp\/v2\/tags?post=116652"}],"curies":[{"name":"wp","href":"https:\/\/api.w.org\/{rel}","templated":true}]}}