{"id":116655,"date":"2021-05-12T06:00:00","date_gmt":"2021-05-12T10:00:00","guid":{"rendered":"https:\/\/linitiative.ca\/International\/les-anticorps-contre-le-covid-restent-dans-le-sang-au-moins-8-mois\/"},"modified":"2021-05-12T06:00:00","modified_gmt":"2021-05-12T10:00:00","slug":"les-anticorps-contre-le-covid-restent-dans-le-sang-au-moins-8-mois","status":"publish","type":"post","link":"https:\/\/linitiative.ca\/International\/les-anticorps-contre-le-covid-restent-dans-le-sang-au-moins-8-mois\/","title":{"rendered":"Les anticorps contre le Covid restent dans le sang au moins 8 mois"},"content":{"rendered":"<p class=\"c3\">Les anticorps neutralisant le Covid restent dans le sang pendant au moins huit mois apr\u00e8s une infection, selon une \u00e9tude italienne publi\u00e9e mardi.<br \/>Ce constat est valable \u00abind\u00e9pendamment de la gravit\u00e9 de la maladie, de l&rsquo;\u00e2ge des patients ou de la pr\u00e9sence d&rsquo;autres pathologies\u00bb, selon cette \u00e9tude r\u00e9alis\u00e9e par le prestigieux h\u00f4pital San Raffaele de Milan en collaboration avec l&rsquo;Institut sup\u00e9rieur de la Sant\u00e9 (ISS), l&rsquo;organisme conseillant le gouvernement en mati\u00e8re de sant\u00e9 publique.<br \/>\u00abLa pr\u00e9sence des anticorps, bien qu&rsquo;elle se r\u00e9duise dans le temps, s&rsquo;av\u00e8re tr\u00e8s persistante: huit mois apr\u00e8s le diagnostic, seulement trois patients\u00bb sur les 162 suivis (dont 29 sont d\u00e9c\u00e9d\u00e9s) n&rsquo;\u00e9taient plus positifs au test de d\u00e9tection de ces anticorps, ont expliqu\u00e9 dans un communiqu\u00e9 conjoint le San Raffaele et l&rsquo;ISS. En outre, la pr\u00e9sence pr\u00e9coce de ces anticorps est \u00abfondamentale pour combattre l&rsquo;infection avec succ\u00e8s: ceux qui ne r\u00e9ussissent pas \u00e0 les produire dans les premiers quinze jours apr\u00e8s la contagion risquent davantage de d\u00e9velopper des formes graves de Covid-19\u00bb.<br \/>Cette \u00e9tude a \u00e9t\u00e9 men\u00e9e par l&rsquo;Unit\u00e9 d&rsquo;\u00e9volution et de transmission virale de l&rsquo;h\u00f4pital San Raffaele, en collaboration avec les chercheurs de l&rsquo;Institut de recherche sur le diab\u00e8te du m\u00eame \u00e9tablissement, qui ont d\u00e9velopp\u00e9 un test particulier pour les anticorps en recourant \u00e0 des techniques d\u00e9j\u00e0 utilis\u00e9es pour l&rsquo;\u00e9tude des anticorps impliqu\u00e9s dans la r\u00e9ponse auto-immunitaire \u00e0 la base du diab\u00e8te de type 1.<br \/>Gr\u00e2ce \u00e0 des techniques d\u00e9j\u00e0 utilis\u00e9es pour l&rsquo;\u00e9tude des vaccins anti-VIH, les chercheurs du San Raffaelle et l&rsquo;ISS ont \u00e9galement d\u00e9velopp\u00e9 une nouvelle m\u00e9thode d&rsquo;\u00e9valuation des anticorps neutralisant le SARS-CoV-2.<br \/>L&rsquo;\u00e9tude, parue mardi dans Nature Communications, a permis de \u00abcartographier de mani\u00e8re quasiment exhaustive l&rsquo;\u00e9volution dans le temps de la r\u00e9ponse des anticorps au Covid-19\u00bb, estiment l&rsquo;ISS et le San Raffaele.<br \/>L&rsquo;\u00e9tude a \u00e9t\u00e9 r\u00e9alis\u00e9e en suivant 162 patients positifs au SARS-CoV-2 (67% d&rsquo;hommes, \u00e2ge moyen : 63 ans) qui se sont pr\u00e9sent\u00e9s aux urgences du San Raffaele durant la premi\u00e8re vague de la pand\u00e9mie en Italie. Les premiers \u00e9chantillons de sang ont \u00e9t\u00e9 recueillis au moment du diagnostic en mars-avril 2020, les derniers fin novembre 2020.<br \/>57% souffraient d&rsquo;une autre pathologie que le Covid au moment du diagnostic. Les plus fr\u00e9quentes \u00e9taient l&rsquo;hypertension (44%) et le diab\u00e8te (24%).<\/p>\n<p>Auteur:<br \/>\n<a href=\"https:\/\/www.lesoirdalgerie.com\/actualites\/les-anticorps-contre-le-covid-restent-dans-le-sang-au-moins-8-mois-61015\">Cliquez ici pour lire l&rsquo;article depuis sa source.<\/a><\/p>\n","protected":false},"excerpt":{"rendered":"<p>Les anticorps neutralisant le Covid restent dans le sang pendant au moins huit mois apr\u00e8s une infection, selon une \u00e9tude italienne publi\u00e9e mardi.Ce constat est valable \u00abind\u00e9pendamment de la gravit\u00e9 de la maladie, de l&rsquo;\u00e2ge des patients ou de la pr\u00e9sence d&rsquo;autres pathologies\u00bb, selon cette \u00e9tude r\u00e9alis\u00e9e par le prestigieux h\u00f4pital San Raffaele de Milan [&hellip;]<\/p>\n","protected":false},"author":1741,"featured_media":0,"comment_status":"closed","ping_status":"closed","sticky":false,"template":"","format":"standard","meta":{"fifu_image_url":"","fifu_image_alt":"","footnotes":""},"categories":[73,53],"tags":[],"class_list":["post-116655","post","type-post","status-publish","format-standard","hentry","category-actualite","category-algerie"],"_links":{"self":[{"href":"https:\/\/linitiative.ca\/International\/wp-json\/wp\/v2\/posts\/116655","targetHints":{"allow":["GET"]}}],"collection":[{"href":"https:\/\/linitiative.ca\/International\/wp-json\/wp\/v2\/posts"}],"about":[{"href":"https:\/\/linitiative.ca\/International\/wp-json\/wp\/v2\/types\/post"}],"author":[{"embeddable":true,"href":"https:\/\/linitiative.ca\/International\/wp-json\/wp\/v2\/users\/1741"}],"replies":[{"embeddable":true,"href":"https:\/\/linitiative.ca\/International\/wp-json\/wp\/v2\/comments?post=116655"}],"version-history":[{"count":0,"href":"https:\/\/linitiative.ca\/International\/wp-json\/wp\/v2\/posts\/116655\/revisions"}],"wp:attachment":[{"href":"https:\/\/linitiative.ca\/International\/wp-json\/wp\/v2\/media?parent=116655"}],"wp:term":[{"taxonomy":"category","embeddable":true,"href":"https:\/\/linitiative.ca\/International\/wp-json\/wp\/v2\/categories?post=116655"},{"taxonomy":"post_tag","embeddable":true,"href":"https:\/\/linitiative.ca\/International\/wp-json\/wp\/v2\/tags?post=116655"}],"curies":[{"name":"wp","href":"https:\/\/api.w.org\/{rel}","templated":true}]}}