{"id":116657,"date":"2021-05-12T06:00:00","date_gmt":"2021-05-12T10:00:00","guid":{"rendered":"https:\/\/linitiative.ca\/International\/rattrapage-durgence\/"},"modified":"2021-05-12T06:00:00","modified_gmt":"2021-05-12T10:00:00","slug":"rattrapage-durgence","status":"publish","type":"post","link":"https:\/\/linitiative.ca\/International\/rattrapage-durgence\/","title":{"rendered":"Rattrapage d&rsquo;urgence"},"content":{"rendered":"<p class=\"c3\">Apr\u00e8s l&rsquo;\u00e9pisode de la p\u00e9nurie de vaccins p\u00e9diatriques, le minist\u00e8re de la Sant\u00e9 a lanc\u00e9 un appel aux parents dont les enfants n&rsquo;avaient pas pu \u00eatre vaccin\u00e9s afin de proc\u00e9der \u00e0 la mise \u00e0 jour de leur calendrier vaccinal. Maintenant que les vaccins sont \u00e0 nouveau disponibles, les parents sont pri\u00e9s de ne pas prendre de retard afin que le d\u00e9calage induit par la p\u00e9nurie soit vite rattrap\u00e9. Il s&rsquo;agit surtout d&rsquo;\u00e9viter que des maladies jusque-l\u00e0 quasiment \u00e9radiqu\u00e9es ne refassent surface pour d\u00e9faut de vaccination.<\/p>\n<p>Auteur:<br \/>\n<a href=\"https:\/\/www.lesoirdalgerie.com\/periscoop\/rattrapage-durgence-61013\">Cliquez ici pour lire l&rsquo;article depuis sa source.<\/a><\/p>\n","protected":false},"excerpt":{"rendered":"<p>Apr\u00e8s l&rsquo;\u00e9pisode de la p\u00e9nurie de vaccins p\u00e9diatriques, le minist\u00e8re de la Sant\u00e9 a lanc\u00e9 un appel aux parents dont les enfants n&rsquo;avaient pas pu \u00eatre vaccin\u00e9s afin de proc\u00e9der \u00e0 la mise \u00e0 jour de leur calendrier vaccinal. Maintenant que les vaccins sont \u00e0 nouveau disponibles, les parents sont pri\u00e9s de ne pas prendre [&hellip;]<\/p>\n","protected":false},"author":1741,"featured_media":0,"comment_status":"closed","ping_status":"closed","sticky":false,"template":"","format":"standard","meta":{"fifu_image_url":"","fifu_image_alt":"","footnotes":""},"categories":[73,53],"tags":[],"class_list":["post-116657","post","type-post","status-publish","format-standard","hentry","category-actualite","category-algerie"],"_links":{"self":[{"href":"https:\/\/linitiative.ca\/International\/wp-json\/wp\/v2\/posts\/116657","targetHints":{"allow":["GET"]}}],"collection":[{"href":"https:\/\/linitiative.ca\/International\/wp-json\/wp\/v2\/posts"}],"about":[{"href":"https:\/\/linitiative.ca\/International\/wp-json\/wp\/v2\/types\/post"}],"author":[{"embeddable":true,"href":"https:\/\/linitiative.ca\/International\/wp-json\/wp\/v2\/users\/1741"}],"replies":[{"embeddable":true,"href":"https:\/\/linitiative.ca\/International\/wp-json\/wp\/v2\/comments?post=116657"}],"version-history":[{"count":0,"href":"https:\/\/linitiative.ca\/International\/wp-json\/wp\/v2\/posts\/116657\/revisions"}],"wp:attachment":[{"href":"https:\/\/linitiative.ca\/International\/wp-json\/wp\/v2\/media?parent=116657"}],"wp:term":[{"taxonomy":"category","embeddable":true,"href":"https:\/\/linitiative.ca\/International\/wp-json\/wp\/v2\/categories?post=116657"},{"taxonomy":"post_tag","embeddable":true,"href":"https:\/\/linitiative.ca\/International\/wp-json\/wp\/v2\/tags?post=116657"}],"curies":[{"name":"wp","href":"https:\/\/api.w.org\/{rel}","templated":true}]}}