{"id":116658,"date":"2021-05-12T06:00:00","date_gmt":"2021-05-12T10:00:00","guid":{"rendered":"https:\/\/linitiative.ca\/International\/changement-chez-amana-assurance\/"},"modified":"2021-05-12T06:00:00","modified_gmt":"2021-05-12T10:00:00","slug":"changement-chez-amana-assurance","status":"publish","type":"post","link":"https:\/\/linitiative.ca\/International\/changement-chez-amana-assurance\/","title":{"rendered":"Changement chez Amana Assurance"},"content":{"rendered":"<p class=\"c3\">Abdelhak El Mansour n\u2019est plus DG d\u2019Amana Assurance (ex-SAPS), sp\u00e9cialis\u00e9e en assurance de personnes (compl\u00e9mentaire). Le Marocain d\u00e9sign\u00e9 en juin 2019 a \u00e9t\u00e9 pri\u00e9 par les membres du CA de rendre les cl\u00e9s de l\u2019entreprise. Ce changement intervient suite aux derni\u00e8res directives pr\u00e9sidentielles. El Mansour a \u00e9t\u00e9 remplac\u00e9 par le DG adjoint M. Abdi Mohand-Outabet. Amana Assurance, cr\u00e9\u00e9e en 2011, est une filiale du partenaire fran\u00e7ais Macif dans le cadre de la r\u00e8gle 49\/51. Ses actionnaires sont la SAA, la BDL et la BADR.<\/p>\n<p>Auteur:<br \/>\n<a href=\"https:\/\/www.lesoirdalgerie.com\/periscoop\/changement-chez-amana-assurance-61012\">Cliquez ici pour lire l&rsquo;article depuis sa source.<\/a><\/p>\n","protected":false},"excerpt":{"rendered":"<p>Abdelhak El Mansour n\u2019est plus DG d\u2019Amana Assurance (ex-SAPS), sp\u00e9cialis\u00e9e en assurance de personnes (compl\u00e9mentaire). Le Marocain d\u00e9sign\u00e9 en juin 2019 a \u00e9t\u00e9 pri\u00e9 par les membres du CA de rendre les cl\u00e9s de l\u2019entreprise. Ce changement intervient suite aux derni\u00e8res directives pr\u00e9sidentielles. El Mansour a \u00e9t\u00e9 remplac\u00e9 par le DG adjoint M. Abdi Mohand-Outabet. [&hellip;]<\/p>\n","protected":false},"author":1741,"featured_media":0,"comment_status":"closed","ping_status":"closed","sticky":false,"template":"","format":"standard","meta":{"fifu_image_url":"","fifu_image_alt":"","footnotes":""},"categories":[73,53],"tags":[],"class_list":["post-116658","post","type-post","status-publish","format-standard","hentry","category-actualite","category-algerie"],"_links":{"self":[{"href":"https:\/\/linitiative.ca\/International\/wp-json\/wp\/v2\/posts\/116658","targetHints":{"allow":["GET"]}}],"collection":[{"href":"https:\/\/linitiative.ca\/International\/wp-json\/wp\/v2\/posts"}],"about":[{"href":"https:\/\/linitiative.ca\/International\/wp-json\/wp\/v2\/types\/post"}],"author":[{"embeddable":true,"href":"https:\/\/linitiative.ca\/International\/wp-json\/wp\/v2\/users\/1741"}],"replies":[{"embeddable":true,"href":"https:\/\/linitiative.ca\/International\/wp-json\/wp\/v2\/comments?post=116658"}],"version-history":[{"count":0,"href":"https:\/\/linitiative.ca\/International\/wp-json\/wp\/v2\/posts\/116658\/revisions"}],"wp:attachment":[{"href":"https:\/\/linitiative.ca\/International\/wp-json\/wp\/v2\/media?parent=116658"}],"wp:term":[{"taxonomy":"category","embeddable":true,"href":"https:\/\/linitiative.ca\/International\/wp-json\/wp\/v2\/categories?post=116658"},{"taxonomy":"post_tag","embeddable":true,"href":"https:\/\/linitiative.ca\/International\/wp-json\/wp\/v2\/tags?post=116658"}],"curies":[{"name":"wp","href":"https:\/\/api.w.org\/{rel}","templated":true}]}}