{"id":116663,"date":"2021-05-12T12:19:20","date_gmt":"2021-05-12T16:19:20","guid":{"rendered":"https:\/\/linitiative.ca\/International\/le-pps-condamne-lagression-contre-la-palestine\/"},"modified":"2021-05-12T12:19:20","modified_gmt":"2021-05-12T16:19:20","slug":"le-pps-condamne-lagression-contre-la-palestine","status":"publish","type":"post","link":"https:\/\/linitiative.ca\/International\/le-pps-condamne-lagression-contre-la-palestine\/","title":{"rendered":"Le PPS condamne l\u2019agression contre la Palestine"},"content":{"rendered":"<p><strong>Le bureau politique du Parti du Progr\u00e8s et du Socialisme (PPS) a tenu \u00e0 distance, Mardi 11 mai, sa r\u00e9union hebdomadaire et examin\u00e9 de nombreuses questions nationales.<\/strong><\/p>\n<div class=\"c10\">\n<\/div>\n<p>Le bureau politique condamne vigoureusement les crimes sauvages et racistes que continuent de commettre les forces d\u2019occupation sioniste \u00e0 l\u2019encontre du peuple palestinien, qui affronte, \u00a0d\u00e9sarm\u00e9, la politique de liquidation. Le bureau politique exprime sa solidarit\u00e9 totale avec les J\u00e9rusal\u00e9mistes dans leur d\u00e9fense h\u00e9ro\u00efque de l\u2019identit\u00e9 civilisationnelle de la cit\u00e9 et de ses lieux sacr\u00e9s musulmans et chr\u00e9tiens. Il fait assumer \u00e0 l\u2019entit\u00e9 d\u2019occupation l\u2019enti\u00e8re responsabilit\u00e9 des cons\u00e9quences de l\u2019escalade dangereuse qui entra\u00eene des dizaines de martyrs et de bless\u00e9s dans les rangs du peuple palestinien r\u00e9sistant en Cisjordanie et dans la bande de Gaza. \u00a0 Dans ce cadre, le bureau politique exprime sa ferme condamnation du plan r\u00e9pressif isra\u00e9lien, visant \u00e0 s\u2019emparer par la force des domiciles des J\u00e9rusal\u00e9mites, en particulier dans le quartier de Cheikh Jarrah et \u00e0 \u00e9vacuer l\u2019esplanade des Mosqu\u00e9es pour faciliter les incursions des colons extr\u00e9mistes \u00e0 la Mosqu\u00e9e d\u2019Al Aqsa \u00e0 partir de Bab El Amoud. \u00a0A ce propos, le bureau politique appelle la communaut\u00e9 internationale \u00e0 se d\u00e9partir de sa neutralit\u00e9 n\u00e9gative \u00e0 l\u2019\u00e9gard de l\u2019arrogance sioniste et \u00e0 prendre l\u2019initiative de garantir la protection internationale aux J\u00e9rusal\u00e9mites et au\u00a0peuple palestinien Dans le m\u00eame temps, le Parti du Progr\u00e8s et du Socialisme renouvelle son appel \u00e0 toutes les composantes palestiniennes afin d\u2019 unifier leurs rangs et de rompre avec la division et la d\u00e9sunion. Il exprime sa conviction in\u00e9branlable en la n\u00e9cessit\u00e9 de renforcer le front palestinien interne face \u00e0 l\u2019usurpateur isra\u00e9lien, dans la perspective de r\u00e9aliser les objectifs nationaux l\u00e9gitimes et d\u2019\u00e9tablir l\u2019Etat palestinien ind\u00e9pendant avec Al Qods Ach-charif comme capitale.<\/p>\n<p><strong>Lire aussi | <a href=\"https:\/\/www.challenge.ma\/coronavirus-le-variant-indien-detecte-dans-44-pays-184443\/\" target=\"_blank\" rel=\"noreferrer noopener\">Coronavirus : le variant indien d\u00e9tect\u00e9 dans 44 pays<\/a><\/strong><\/p>\n<p>\u00a0S\u2019agissant du sujet de l\u2019accueil par les autorit\u00e9s espagnoles du d\u00e9nomm\u00e9 Brahim Ghali, de mani\u00e8re d\u00e9lib\u00e9r\u00e9e et clandestine, sous une fausse identit\u00e9, le bureau politique r\u00e9it\u00e8re sa condamnation de l\u2019accueil par l\u2019Espagne d\u2019un ennemi de notre int\u00e9grit\u00e9 territoriale et de sa protection contre toute poursuite judiciaire pour les crimes de guerre dans lesquels il est impliqu\u00e9. Il consid\u00e8re que ce comportement provocateur porte un coup \u00e0 la confiance marocaine sinc\u00e8re et repr\u00e9sente une insouciance inadmissible \u00e0 l\u2019\u00e9gard des relations de coop\u00e9ration, qui doivent \u00eatre fond\u00e9es principalement sur le respect r\u00e9ciproque des causes essentielles et des int\u00e9r\u00eats sup\u00e9rieurs de nos deux pays, sans r\u00e9duction s\u00e9lective aucune de cette coop\u00e9ration aux seuls domaines \u00e9conomique et s\u00e9curitaire et sans tourner le dos par ailleurs \u00e0 la logique de la coop\u00e9ration constructive quand il s\u2019agit de la question de notre int\u00e9grit\u00e9 territoriale. Dans ce cadre, le bureau politique appr\u00e9cie la correspondance adress\u00e9e par notre parti, dans le cadre de sa contribution \u00e0 la diplomatie parall\u00e8le pour la d\u00e9fense de notre int\u00e9grit\u00e9 territoriale, aux partis de gauche en Espagne, sous forme d\u2019appel pour qu\u2019ils contribuent \u00e0 la rectification de cette grave erreur espagnole. Le bureau politique r\u00e9affirme sa conviction que le roc sur lequel s\u2019\u00e9craseront toutes les man\u0153uvres et tous les complots ourdis contre notre int\u00e9grit\u00e9 territoriale, d\u2019o\u00f9 qu\u2019ils viennent, r\u00e9side dans le renforcement du front int\u00e9rieur sur les plans d\u00e9mocratique, \u00e9conomique et social et dans l\u2019association r\u00e9guli\u00e8re de toutes les forces vives du pays \u00e0 ce combat national. \u00a0\u00a0<\/p>\n<p><strong>Lire aussi | <a href=\"https:\/\/www.challenge.ma\/conjoncture-la-campagne-de-vaccination-a-redonne-confiance-aux-operateurs-economiques-cmc-184470\/\" target=\"_blank\" rel=\"noreferrer noopener\">Conjoncture : la campagne de vaccination a redonn\u00e9 confiance aux op\u00e9rateurs \u00e9conomiques [CMC]<\/a><\/strong><\/p>\n<p>Pour ce qui concerne le dossier des \u00e9lections, le bureau politique enregistre positivement les deux rencontres importantes tenues respectivement avec le chef du gouvernement et le ministre de l\u2019int\u00e9rieur, \u00e0 l\u2019initiative des trois partis de l\u2019opposition, pour examiner les mesures \u00e0 m\u00eame de cr\u00e9er le climat propice pour assurer la participation massive aux prochaines \u00e9lections. A cette occasion, le Parti du Progr\u00e8s et du Socialisme exprime de nouveau l\u2019espoir d\u2019instaurer un climat politique propice \u00e0 l\u2019organisation de ces \u00e9ch\u00e9ances dans les meilleures conditions et d\u2019assurer les conditions de la concurrence loyale, probe et \u00e9quitable. Il insiste \u00e9galement sur l\u2019importance du d\u00e9bat public que doivent accueillir les m\u00e9dias nationaux et appelle, comme ce fut le cas lors des derni\u00e8res \u00e9ch\u00e9ances nationales et locales, \u00e0 prendre les mesures n\u00e9cessaires pour emp\u00eacher l\u2019utilisation des moyens de l\u2019Etat \u00e0 des fins \u00e9lectoralistes. Le bureau politique consid\u00e8re que ces conditions r\u00e9unies sont de nature \u00e0 r\u00e9tablir la confiance et \u00e0 augmenter le taux de participation, dans la perspective de conf\u00e9rer aux institutions \u00e9lues la cr\u00e9dibilit\u00e9 n\u00e9cessaire et de faire progresser le processus d\u00e9mocratique national. Dans ce sens, le Parti du Progr\u00e8s et du Socialisme, qui pr\u00e9sente une offre politique s\u00e9rieuse sous forme d\u2019alternative progressiste d\u00e9mocratique, adresse un appel sinc\u00e8re et pressant \u00e0 l\u2019ensemble des citoyennes et des citoyens int\u00e8gres et loyaux envers leur pays, \u00e0 participer massivement au prochain processus \u00e9lectoral pour appuyer et soutenir la volont\u00e9 du changement et du progr\u00e8s et \u00e0 consid\u00e9rer la participation au combat pour les r\u00e9formes comme un droit et un devoir citoyens.\u00a0\u00a0<\/p>\n<p>Auteur: challenge<br \/>\n<a href=\"https:\/\/www.challenge.ma\/le-pps-condamne-lagression-contre-la-palestine-184485\/\">Cliquez ici pour lire l&rsquo;article depuis sa source.<\/a><\/p>\n","protected":false},"excerpt":{"rendered":"<p>Le bureau politique du Parti du Progr\u00e8s et du Socialisme (PPS) a tenu \u00e0 distance, Mardi 11 mai, sa r\u00e9union hebdomadaire et examin\u00e9 de nombreuses questions nationales. Le bureau politique condamne vigoureusement les crimes sauvages et racistes que continuent de commettre les forces d\u2019occupation sioniste \u00e0 l\u2019encontre du peuple palestinien, qui affronte, \u00a0d\u00e9sarm\u00e9, la politique [&hellip;]<\/p>\n","protected":false},"author":1787,"featured_media":0,"comment_status":"closed","ping_status":"closed","sticky":false,"template":"","format":"standard","meta":{"fifu_image_url":"","fifu_image_alt":"","footnotes":""},"categories":[78,54],"tags":[],"class_list":["post-116663","post","type-post","status-publish","format-standard","hentry","category-economie","category-maroc"],"_links":{"self":[{"href":"https:\/\/linitiative.ca\/International\/wp-json\/wp\/v2\/posts\/116663","targetHints":{"allow":["GET"]}}],"collection":[{"href":"https:\/\/linitiative.ca\/International\/wp-json\/wp\/v2\/posts"}],"about":[{"href":"https:\/\/linitiative.ca\/International\/wp-json\/wp\/v2\/types\/post"}],"author":[{"embeddable":true,"href":"https:\/\/linitiative.ca\/International\/wp-json\/wp\/v2\/users\/1787"}],"replies":[{"embeddable":true,"href":"https:\/\/linitiative.ca\/International\/wp-json\/wp\/v2\/comments?post=116663"}],"version-history":[{"count":0,"href":"https:\/\/linitiative.ca\/International\/wp-json\/wp\/v2\/posts\/116663\/revisions"}],"wp:attachment":[{"href":"https:\/\/linitiative.ca\/International\/wp-json\/wp\/v2\/media?parent=116663"}],"wp:term":[{"taxonomy":"category","embeddable":true,"href":"https:\/\/linitiative.ca\/International\/wp-json\/wp\/v2\/categories?post=116663"},{"taxonomy":"post_tag","embeddable":true,"href":"https:\/\/linitiative.ca\/International\/wp-json\/wp\/v2\/tags?post=116663"}],"curies":[{"name":"wp","href":"https:\/\/api.w.org\/{rel}","templated":true}]}}