{"id":116664,"date":"2021-05-12T16:18:09","date_gmt":"2021-05-12T20:18:09","guid":{"rendered":"https:\/\/linitiative.ca\/International\/maroc-laid-el-fitr-sera-celebre-le-jeudi-13-mai-2021\/"},"modified":"2021-05-12T16:18:09","modified_gmt":"2021-05-12T20:18:09","slug":"maroc-laid-el-fitr-sera-celebre-le-jeudi-13-mai-2021","status":"publish","type":"post","link":"https:\/\/linitiative.ca\/International\/maroc-laid-el-fitr-sera-celebre-le-jeudi-13-mai-2021\/","title":{"rendered":"Maroc :  l\u2019A\u00efd el-Fitr sera c\u00e9l\u00e9br\u00e9 le jeudi 13 mai 2021"},"content":{"rendered":"<p><strong>Le mois sacr\u00e9 de Ramadan prend fin ce mercredi 12 mai au Maroc. L\u2019A\u00efd el-Fitr sera c\u00e9l\u00e9br\u00e9 le jeudi 13 mai 2021.<\/strong><\/p>\n<div class=\"c10\">\n<\/div>\n<p>Le Maroc c\u00e9l\u00e8brera l\u2019A\u00efd el-Fitr le jeudi 13 mai 2021. C\u2019est ce que vient d\u2019annoncer le minist\u00e8re des Habous et des affaires islamiques, ajoutant que cette date correspond au 1er Chaoual 1442. Par ailleurs, les mesures de pr\u00e9caution prises pr\u00e9c\u00e9demment pour lutter contre la propagation du Covid-19 ne subiront aucun changement durant les jours de l\u2019A\u00efd Al Fitr, selon le gouvernement. <strong>\u00ab\u00a0<\/strong>L\u2019interdiction des d\u00e9placements nocturnes de 20H00 \u00e0 06H00 ainsi que le durcissement des d\u00e9placements inter-villes ne subiront aucun changement durant les jours de l\u2019Aid\u00a0\u00bb, a indiqu\u00e9 l\u2019Ex\u00e9cutif.<\/p>\n<p><strong>Lire aussi| <a href=\"https:\/\/www.challenge.ma\/conjoncture-la-campagne-de-vaccination-a-redonne-confiance-aux-operateurs-economiques-cmc-184470\/\">Conjoncture : la campagne de vaccination a redonn\u00e9 confiance aux op\u00e9rateurs \u00e9conomiques [CMC]<\/a><\/strong><\/p>\n<p>Auteur: challenge<br \/>\n<a href=\"https:\/\/www.challenge.ma\/maroc-laid-el-fitr-sera-celebre-le-jeudi-13-mai-2021-184500\/\">Cliquez ici pour lire l&rsquo;article depuis sa source.<\/a><\/p>\n","protected":false},"excerpt":{"rendered":"<p>Le mois sacr\u00e9 de Ramadan prend fin ce mercredi 12 mai au Maroc. L\u2019A\u00efd el-Fitr sera c\u00e9l\u00e9br\u00e9 le jeudi 13 mai 2021. Le Maroc c\u00e9l\u00e8brera l\u2019A\u00efd el-Fitr le jeudi 13 mai 2021. C\u2019est ce que vient d\u2019annoncer le minist\u00e8re des Habous et des affaires islamiques, ajoutant que cette date correspond au 1er Chaoual 1442. Par [&hellip;]<\/p>\n","protected":false},"author":1787,"featured_media":0,"comment_status":"closed","ping_status":"closed","sticky":false,"template":"","format":"standard","meta":{"fifu_image_url":"","fifu_image_alt":"","footnotes":""},"categories":[78,54],"tags":[],"class_list":["post-116664","post","type-post","status-publish","format-standard","hentry","category-economie","category-maroc"],"_links":{"self":[{"href":"https:\/\/linitiative.ca\/International\/wp-json\/wp\/v2\/posts\/116664","targetHints":{"allow":["GET"]}}],"collection":[{"href":"https:\/\/linitiative.ca\/International\/wp-json\/wp\/v2\/posts"}],"about":[{"href":"https:\/\/linitiative.ca\/International\/wp-json\/wp\/v2\/types\/post"}],"author":[{"embeddable":true,"href":"https:\/\/linitiative.ca\/International\/wp-json\/wp\/v2\/users\/1787"}],"replies":[{"embeddable":true,"href":"https:\/\/linitiative.ca\/International\/wp-json\/wp\/v2\/comments?post=116664"}],"version-history":[{"count":0,"href":"https:\/\/linitiative.ca\/International\/wp-json\/wp\/v2\/posts\/116664\/revisions"}],"wp:attachment":[{"href":"https:\/\/linitiative.ca\/International\/wp-json\/wp\/v2\/media?parent=116664"}],"wp:term":[{"taxonomy":"category","embeddable":true,"href":"https:\/\/linitiative.ca\/International\/wp-json\/wp\/v2\/categories?post=116664"},{"taxonomy":"post_tag","embeddable":true,"href":"https:\/\/linitiative.ca\/International\/wp-json\/wp\/v2\/tags?post=116664"}],"curies":[{"name":"wp","href":"https:\/\/api.w.org\/{rel}","templated":true}]}}