{"id":116667,"date":"2021-05-12T16:39:56","date_gmt":"2021-05-12T20:39:56","guid":{"rendered":"https:\/\/linitiative.ca\/International\/tunisie-en-direct-allocution-du-president-kais-saied-a-loccasion-de-laid-el-fitr\/"},"modified":"2021-05-12T16:39:56","modified_gmt":"2021-05-12T20:39:56","slug":"tunisie-en-direct-allocution-du-president-kais-saied-a-loccasion-de-laid-el-fitr","status":"publish","type":"post","link":"https:\/\/linitiative.ca\/International\/tunisie-en-direct-allocution-du-president-kais-saied-a-loccasion-de-laid-el-fitr\/","title":{"rendered":"Tunisie [EN DIRECT]: Allocution du pr\u00e9sident Kais Saied \u00e0 l\u2019occasion de l\u2019A\u00efd-El Fitr"},"content":{"rendered":"<div class=\"post-cont-in left relative\">\n<div id=\"post-info-wrap\" class=\"left relative post-info-out\">\n<div class=\"post-info-img left relative\"><img decoding=\"async\" alt=\"\" src=\"https:\/\/secure.gravatar.com\/avatar\/ea481d7287ad38ca1787f44b5bb1b70e?s=50&amp;d=mm&amp;r=g\" srcset=\"https:\/\/secure.gravatar.com\/avatar\/ea481d7287ad38ca1787f44b5bb1b70e?s=100&amp;d=mm&amp;r=g 2x\" class=\"avatar avatar-50 photo\" height=\"50\" width=\"50\" loading=\"lazy\"\/><\/div>\n<div class=\"post-info-in\">\n<div class=\"post-info-right left relative post-info-name left relative\"><span><span class=\"post-info-text\">Par<\/span> <span class=\"author-name vcard fn author\"><a href=\"https:\/\/www.tunisienumerique.com\/author\/rania-ben-slimane\/\" title=\"Articles par rania ben slimane\" rel=\"author\">rania ben slimane<\/a><\/span><\/span> <span class=\"post-date updated\"><time class=\"post-date updated\" datetime=\"2021-05-12\">\u00a0| Il y a 1 minute<\/time><\/span><br \/>\n<meta itemprop=\"dateModified\" content=\"2021-05-12\"\/><\/div>\n<div class=\"left relative\"><button id=\"listenButton1\" class=\"responsivevoice-button\" type=\"button\" value=\"Play\" title=\"\u00c9coutez l'article\"><span>\ud83d\udd0a \u00c9coutez l&rsquo;article<\/span><\/button>\n<\/div>\n<\/div>\n<\/div>\n<p>Lors d\u2019une conf\u00e9rence de presse tenue au palais de Carthage ce soir, le pr\u00e9sident de la R\u00e9publique, Kais Saied a pr\u00e9sent\u00e9 aux tunisiens ses meilleurs v\u0153ux \u00e0 l\u2019occasion de l\u2019A\u00efd El\u2013Fitr dans ce contexte sanitaire difficile.<\/p>\n<div class=\"code-block code-block-1 c5\">\n <ins class=\"adsbygoogle c4\" data-ad-layout=\"in-article\" data-ad-format=\"fluid\" data-ad-client=\"ca-pub-2102118777505746\" data-ad-slot=\"7301775417\"\/>\n<\/div>\n<p>\u00ab <em>Les mesures annonc\u00e9es ne sont pas compatibles avec nos traditions (..) Une partie de ces mesures ont \u00e9t\u00e9 impos\u00e9es par le contexte de la pand\u00e9mie et d\u2019autres ont \u00e9t\u00e9 modifi\u00e9es ou ont \u00e9t\u00e9 inefficaces<\/em> \u00bb, a-t-il d\u00e9clar\u00e9.<\/p>\n<p>Monsieur Kais a \u00e9galement souhait\u00e9 la victoire du peuple palestinien, sollicitant Dieu d\u2019accorder la force \u00e0 la Tunisie pour la soutenir et r\u00e9cup\u00e9rer les terres occup\u00e9es ainsi que la Mosqu\u00e9e Al-Aqsaa.<\/p>\n<p>En outre, le pr\u00e9sident de la R\u00e9publique a conf\u00e9r\u00e9 des prix aux gagnants du concours national de r\u00e9citation du Saint Coran \u00e0 titre de l\u2019ann\u00e9e 2021.<\/p>\n<div class=\"swp_social_panel swp_horizontal_panel swp_flat_fresh swp_default_full_color swp_individual_full_color swp_other_full_color scale-100 scale-\" data-min-width=\"1100\" data-float-color=\"#ffffff\" data-float=\"bottom\" data-float-mobile=\"bottom\" data-transition=\"slide\">\n<div class=\"nc_tweetContainer swp_share_button total_shares total_sharesalt\"><span class=\"swp_count\">0 <span class=\"swp_label\">Partages<\/span><\/span><\/div>\n<\/div>\n<p><strong>Que se passe-t-il en Tunisie?<\/strong><br \/>Nous expliquons sur notre <a href=\"https:\/\/www.youtube.com\/channel\/UCRzypVq0B_yBad5eGrwBx0Q?sub_confirmation=1\" target=\"_blank\" rel=\"noopener\">cha\u00eene YouTube<\/a> . <a href=\"https:\/\/www.youtube.com\/channel\/UCRzypVq0B_yBad5eGrwBx0Q?sub_confirmation=1\" target=\"_blank\" rel=\"noopener\">Abonnez-vous!<\/a><\/p>\n<div class=\"mvp-org-wrap\" itemprop=\"publisher\">\n<div class=\"mvp-org-logo\" itemprop=\"logo\"><img decoding=\"async\" src=\"https:\/\/www.tunisienumerique.com\/wp-content\/uploads\/2017\/02\/logo_tunisie_numerique.png\"\/><br \/>\n<meta itemprop=\"url\" content=\"https:\/\/www.tunisienumerique.com\/wp-content\/uploads\/2017\/02\/logo_tunisie_numerique.png\"\/><\/div>\n<p><meta content=\"Tunisie\"\/><\/div>\n<div class=\"mvp-related-posts left relative\">\n<h4 class=\"post-header\"><span class=\"post-header\">Lire aussi<\/span><\/h4>\n<\/div>\n<div id=\"article-ad\">\n <ins class=\"adsbygoogle c6\" data-ad-client=\"ca-pub-2102118777505746\" data-ad-slot=\"6513972734\" data-ad-format=\"auto\" data-full-width-responsive=\"true\"\/>\n<\/div>\n<\/div>\n<div id=\"post-sidebar-wrap\">\n <ins class=\"adsbygoogle c6\" data-ad-client=\"ca-pub-2102118777505746\" data-ad-slot=\"6168283410\" data-ad-format=\"auto\" data-full-width-responsive=\"true\"\/>\n<\/div>\n<p>Auteur: rania ben slimane<br \/>\n<a href=\"https:\/\/www.tunisienumerique.com\/tunisie-en-direct-allocution-du-president-kais-saied-a-loccasion-de-laid-el-fitr\/\">Cliquez ici pour lire l&rsquo;article depuis sa source.<\/a><\/p>\n","protected":false},"excerpt":{"rendered":"<p>Par rania ben slimane \u00a0| Il y a 1 minute \ud83d\udd0a \u00c9coutez l&rsquo;article Lors d\u2019une conf\u00e9rence de presse tenue au palais de Carthage ce soir, le pr\u00e9sident de la R\u00e9publique, Kais Saied a pr\u00e9sent\u00e9 aux tunisiens ses meilleurs v\u0153ux \u00e0 l\u2019occasion de l\u2019A\u00efd El\u2013Fitr dans ce contexte sanitaire difficile. \u00ab Les mesures annonc\u00e9es ne sont [&hellip;]<\/p>\n","protected":false},"author":1789,"featured_media":0,"comment_status":"closed","ping_status":"closed","sticky":false,"template":"","format":"standard","meta":{"fifu_image_url":"https:\/\/secure.gravatar.com\/avatar\/ea481d7287ad38ca1787f44b5bb1b70e?s=50&d=mm&r=g","fifu_image_alt":"Tunisie [EN DIRECT]: Allocution du pr\u00e9sident Kais Saied \u00e0 l\u2019occasion de l\u2019A\u00efd-El Fitr","footnotes":""},"categories":[73,55],"tags":[],"class_list":["post-116667","post","type-post","status-publish","format-standard","hentry","category-actualite","category-tunisie"],"_links":{"self":[{"href":"https:\/\/linitiative.ca\/International\/wp-json\/wp\/v2\/posts\/116667","targetHints":{"allow":["GET"]}}],"collection":[{"href":"https:\/\/linitiative.ca\/International\/wp-json\/wp\/v2\/posts"}],"about":[{"href":"https:\/\/linitiative.ca\/International\/wp-json\/wp\/v2\/types\/post"}],"author":[{"embeddable":true,"href":"https:\/\/linitiative.ca\/International\/wp-json\/wp\/v2\/users\/1789"}],"replies":[{"embeddable":true,"href":"https:\/\/linitiative.ca\/International\/wp-json\/wp\/v2\/comments?post=116667"}],"version-history":[{"count":0,"href":"https:\/\/linitiative.ca\/International\/wp-json\/wp\/v2\/posts\/116667\/revisions"}],"wp:attachment":[{"href":"https:\/\/linitiative.ca\/International\/wp-json\/wp\/v2\/media?parent=116667"}],"wp:term":[{"taxonomy":"category","embeddable":true,"href":"https:\/\/linitiative.ca\/International\/wp-json\/wp\/v2\/categories?post=116667"},{"taxonomy":"post_tag","embeddable":true,"href":"https:\/\/linitiative.ca\/International\/wp-json\/wp\/v2\/tags?post=116667"}],"curies":[{"name":"wp","href":"https:\/\/api.w.org\/{rel}","templated":true}]}}