{"id":116670,"date":"2021-05-12T05:34:44","date_gmt":"2021-05-12T09:34:44","guid":{"rendered":"https:\/\/linitiative.ca\/International\/loi-de-finance-rectificative-2021-les-deputes-valident-des-reajustements-techniques\/"},"modified":"2021-05-12T05:34:44","modified_gmt":"2021-05-12T09:34:44","slug":"loi-de-finance-rectificative-2021-les-deputes-valident-des-reajustements-techniques","status":"publish","type":"post","link":"https:\/\/linitiative.ca\/International\/loi-de-finance-rectificative-2021-les-deputes-valident-des-reajustements-techniques\/","title":{"rendered":"Loi de finance rectificative 2021\u00a0: Les d\u00e9put\u00e9s valident des r\u00e9ajustements techniques"},"content":{"rendered":"<div class=\"td-post-featured-image\"><a href=\"https:\/\/www.sidwaya.info\/wp-content\/uploads\/2021\/05\/0000003.jpg\" data-caption=\"\"><img loading=\"lazy\" decoding=\"async\" width=\"696\" height=\"464\" class=\"entry-thumb td-modal-image\" src=\"https:\/\/www.sidwaya.info\/wp-content\/uploads\/2021\/05\/0000003-696x464.jpg\" srcset=\"https:\/\/www.sidwaya.info\/wp-content\/uploads\/2021\/05\/0000003-696x464.jpg 696w, https:\/\/www.sidwaya.info\/wp-content\/uploads\/2021\/05\/0000003-300x200.jpg 300w, https:\/\/www.sidwaya.info\/wp-content\/uploads\/2021\/05\/0000003-768x512.jpg 768w, https:\/\/www.sidwaya.info\/wp-content\/uploads\/2021\/05\/0000003-150x100.jpg 150w, https:\/\/www.sidwaya.info\/wp-content\/uploads\/2021\/05\/0000003-630x420.jpg 630w, https:\/\/www.sidwaya.info\/wp-content\/uploads\/2021\/05\/0000003.jpg 900w\" sizes=\"auto, (max-width: 696px) 100vw, 696px\" alt=\"\" title=\"0000003\"\/><\/a><\/div>\n<p><strong>La loi de finance rectificative de 2021 a \u00e9t\u00e9 vot\u00e9e, le 11 mai 2021 par 106\u00a0 d\u00e9put\u00e9s, 20 autres des groupes\u00a0 parlementaires de l\u2019opposition se sont abstenus. Motiv\u00e9 par des ajustements d\u2019ordre techniques selon le gouvernement, la loi de finance rectificative 2021 voit les recettes pass\u00e9es de \u00a02110 milliards \u00e0\u00a0\u00a0 2131 milliards\u00a0\u00a0 FCFA. Quant aux d\u00e9penses, de\u00a0 2651 milliards\u00a0 dans\u00a0 la loi de finance initiale, elles vont\u00a0 \u00e0 2672 milliards FCFA dans la loi de finance rectificative 2021.<\/strong><\/p>\n<p>La pl\u00e9ni\u00e8re\u00a0\u00a0 du mardi 11 mai 2021 \u00a0de l\u2019assembl\u00e9e nationale a \u00e9t\u00e9 consacr\u00e9e \u00e0 l\u2019adoption de la\u00a0 loi de finance\u00a0 rectificative (LFR) 2021. Sur 126 d\u00e9put\u00e9s\u00a0 pr\u00e9sents,\u00a0\u00a0\u00a0 la LFR\u00a0 a recueilli 106 votes pour et 20 abstentions.\u00a0 Dans la loi de finance rectificative\u00a0 2021, les recettes se chiffrent\u00a0 \u00e0 2131miliards FCFA contre 2110 milliards\u00a0 FCFA dans le budget initial. Pour la ministre d\u00e9l\u00e9gu\u00e9e, charg\u00e9 au budget, Edith Cl\u00e9mence Yaka,\u00a0 cette hausse se justifie\u00a0 par une augmentation des pr\u00e9visions de recettes ordinaires des 3 r\u00e9gies de 18 milliards FCFA r\u00e9partis principalement sur les Imp\u00f4ts et le Tr\u00e9sor\u00a0 ainsi qu\u2019un accroissement des recettes extraordinaires de 3 milliards\u00a0 par les partenaires financiers. Pour les d\u00e9penses elles\u00a0 sont\u00a0 d\u00e9sormais 2672 milliards \u00a0dans la \u00a0LFR alors qu\u2019elles \u00e9taient de\u00a0 2651 milliards\u00a0 dans la loi de finance initiale. L\u2019\u00e9pargne budg\u00e9taire\u00a0 s\u2019\u00e9tablit\u00a0 d\u00e9finitivement \u00e0 35 milliards\u00a0 FCFA contre 24 milliards FCFA\u00a0 dans la loi\u00a0 de finance initiale,\u00a0 une hausse\u00a0\u00a0 de 46,79% que la ministre explique par\u00a0 l\u2019augmentation des ressources internes\u00a0 et leur affectation\u00a0 en grande partie aux d\u00e9penses d\u2019investissement.<\/p>\n<p><img decoding=\"async\" loading=\"lazy\" class=\"alignnone wp-image-35272\" src=\"https:\/\/www.sidwaya.info\/wp-content\/uploads\/2021\/05\/000000-300x200.jpg\" alt=\"\" width=\"473\" height=\"315\" srcset=\"https:\/\/www.sidwaya.info\/wp-content\/uploads\/2021\/05\/000000-300x200.jpg 300w, https:\/\/www.sidwaya.info\/wp-content\/uploads\/2021\/05\/000000-150x100.jpg 150w, https:\/\/www.sidwaya.info\/wp-content\/uploads\/2021\/05\/000000-696x464.jpg 696w, https:\/\/www.sidwaya.info\/wp-content\/uploads\/2021\/05\/000000-630x420.jpg 630w, https:\/\/www.sidwaya.info\/wp-content\/uploads\/2021\/05\/000000.jpg 720w\" sizes=\"auto, (max-width: 473px) 100vw, 473px\"\/>Selon la ministre d\u00e9l\u00e9gu\u00e9e au Budget, la r\u00e9vision de la loi de finance est motiv\u00e9e par des r\u00e9am\u00e9nagements techniques. \u00ab\u00a0La loi de finance a \u00e9t\u00e9 construite en 2020 autour de\u00a0 l\u2019architecture de l\u2019ancien gouvernement\u00a0 alors que\u00a0 le nouveau gouvernement\u00a0 a \u00e9t\u00e9 mis en place en janvier 2021.\u00a0 Une retouche de la loi de finance \u00e9tait n\u00e9cessaire pour permettre aux nouveaux minist\u00e8res comme le ministre d\u2019Etat en charge de la R\u00e9conciliation d\u2019avoir des ressources l\u00e9galement autoris\u00e9es par l\u2019Assembl\u00e9e nationale, qui est la seule instance autoris\u00e9e \u00e0 voter les cr\u00e9dits budg\u00e9taires. De plus certains minist\u00e8res ont \u00e9t\u00e9 fusionn\u00e9s et d\u2019autres ont \u00e9t\u00e9 supprim\u00e9s.\u00a0\u00bb, a-t-elle expliqu\u00e9.<\/p>\n<p>Dans la loi de finance\u00a0 rectificative,\u00a0 il y a\u00a0 l\u2019introduction d\u2019une nouvelle mesure fiscale qualifi\u00e9 de petite par Mme Yaka. Celle-ci\u00a0 consiste en fait \u00e0 la l\u00e9galisation\u00a0 d\u2019une pratique\u00a0 qui existe d\u00e9j\u00e0, \u00a0la g\u00e9olocalisation des entreprises nouvellement cr\u00e9\u00e9es, afin d\u2019am\u00e9liorer\u00a0 le recouvrement des imp\u00f4ts.<\/p>\n<p><img decoding=\"async\" loading=\"lazy\" class=\"alignnone wp-image-35269\" src=\"https:\/\/www.sidwaya.info\/wp-content\/uploads\/2021\/05\/000001-300x200.jpg\" alt=\"\" width=\"512\" height=\"341\" srcset=\"https:\/\/www.sidwaya.info\/wp-content\/uploads\/2021\/05\/000001-300x200.jpg 300w, https:\/\/www.sidwaya.info\/wp-content\/uploads\/2021\/05\/000001-768x512.jpg 768w, https:\/\/www.sidwaya.info\/wp-content\/uploads\/2021\/05\/000001-150x100.jpg 150w, https:\/\/www.sidwaya.info\/wp-content\/uploads\/2021\/05\/000001-696x464.jpg 696w, https:\/\/www.sidwaya.info\/wp-content\/uploads\/2021\/05\/000001-630x420.jpg 630w, https:\/\/www.sidwaya.info\/wp-content\/uploads\/2021\/05\/000001.jpg 900w\" sizes=\"auto, (max-width: 512px) 100vw, 512px\"\/>\u00a0S\u2019exprimant\u00a0 sur les raisons\u00a0 de l\u2019abstention\u00a0 de 20 d\u00e9put\u00e9s\u00a0 membres des groupes parlementaires\u00a0 congr\u00e8s pour\u00a0 la d\u00e9mocratie et\u00a0 le progr\u00e8s et\u00a0\u00a0 Paix, justice et\u00a0 r\u00e9conciliation,\u00a0 le d\u00e9put\u00e9 Yaya Zoungrana,\u00a0 du groupe parlementaire CDP a\u00a0 reconnu que la LFR introduit des am\u00e9liorations. Mais malheureusement sur d\u2019autres aspects comme la prise en charge des VDP, les arri\u00e9r\u00e9s d\u00fb aux \u00e9tablissements conventionn\u00e9s ou l\u2019apurement de dette int\u00e9rieur, l\u2019opposition parlementaire n\u2019est pas certaine que les r\u00e9am\u00e9nagements soient efficaces, a-t-il poursuivi. Sur la question de la dette int\u00e9rieure, Yaya Zoungrana a exhort\u00e9 le gouvernement\u00a0 \u00e0\u00a0 acc\u00e9l\u00e9rer l\u2019apurement afin de soutenir les entreprises qui bavent\u00a0 pour des factures datant de 2013-2014 pour certaines.<\/p>\n<p><strong>Nad\u00e8ge YE<\/strong><\/p>\n<div class=\"td-a-rec td-a-rec-id-content_bottom tdi_33_44b td_block_template_1\">\n<p><img loading=\"lazy\" decoding=\"async\" class=\"aligncenter size-full wp-image-27454\" src=\"https:\/\/www.sidwaya.info\/wp-content\/uploads\/2020\/10\/PUB-Bandeau-paiement-mobile-siteweb.jpg\" alt=\"\" width=\"728\" height=\"90\"\/><\/div>\n<p>Auteur: Wamini SIDWAYA<br \/>\n<a href=\"https:\/\/www.sidwaya.info\/blog\/2021\/05\/12\/loi-de-finance-rectificative-2021-les-deputes-valident-des-reajustements-techniques\/\">Cliquez ici pour lire l&rsquo;article depuis sa source.<\/a><\/p>\n","protected":false},"excerpt":{"rendered":"<p>La loi de finance rectificative de 2021 a \u00e9t\u00e9 vot\u00e9e, le 11 mai 2021 par 106\u00a0 d\u00e9put\u00e9s, 20 autres des groupes\u00a0 parlementaires de l\u2019opposition se sont abstenus. Motiv\u00e9 par des ajustements d\u2019ordre techniques selon le gouvernement, la loi de finance rectificative 2021 voit les recettes pass\u00e9es de \u00a02110 milliards \u00e0\u00a0\u00a0 2131 milliards\u00a0\u00a0 FCFA. Quant aux [&hellip;]<\/p>\n","protected":false},"author":1816,"featured_media":0,"comment_status":"closed","ping_status":"closed","sticky":false,"template":"","format":"standard","meta":{"fifu_image_url":"https:\/\/www.sidwaya.info\/wp-content\/uploads\/2021\/05\/0000003-696x464.jpg","fifu_image_alt":"Loi de finance rectificative 2021\u00a0: Les d\u00e9put\u00e9s valident des r\u00e9ajustements techniques","footnotes":""},"categories":[73,81],"tags":[],"class_list":["post-116670","post","type-post","status-publish","format-standard","hentry","category-actualite","category-burkina-faso"],"_links":{"self":[{"href":"https:\/\/linitiative.ca\/International\/wp-json\/wp\/v2\/posts\/116670","targetHints":{"allow":["GET"]}}],"collection":[{"href":"https:\/\/linitiative.ca\/International\/wp-json\/wp\/v2\/posts"}],"about":[{"href":"https:\/\/linitiative.ca\/International\/wp-json\/wp\/v2\/types\/post"}],"author":[{"embeddable":true,"href":"https:\/\/linitiative.ca\/International\/wp-json\/wp\/v2\/users\/1816"}],"replies":[{"embeddable":true,"href":"https:\/\/linitiative.ca\/International\/wp-json\/wp\/v2\/comments?post=116670"}],"version-history":[{"count":0,"href":"https:\/\/linitiative.ca\/International\/wp-json\/wp\/v2\/posts\/116670\/revisions"}],"wp:attachment":[{"href":"https:\/\/linitiative.ca\/International\/wp-json\/wp\/v2\/media?parent=116670"}],"wp:term":[{"taxonomy":"category","embeddable":true,"href":"https:\/\/linitiative.ca\/International\/wp-json\/wp\/v2\/categories?post=116670"},{"taxonomy":"post_tag","embeddable":true,"href":"https:\/\/linitiative.ca\/International\/wp-json\/wp\/v2\/tags?post=116670"}],"curies":[{"name":"wp","href":"https:\/\/api.w.org\/{rel}","templated":true}]}}