{"id":116671,"date":"2021-05-12T07:42:26","date_gmt":"2021-05-12T11:42:26","guid":{"rendered":"https:\/\/linitiative.ca\/International\/cma-de-kossodo-le-depot-pharmaceutique-repartiteur-en-flamme\/"},"modified":"2021-05-12T07:42:26","modified_gmt":"2021-05-12T11:42:26","slug":"cma-de-kossodo-le-depot-pharmaceutique-repartiteur-en-flamme","status":"publish","type":"post","link":"https:\/\/linitiative.ca\/International\/cma-de-kossodo-le-depot-pharmaceutique-repartiteur-en-flamme\/","title":{"rendered":"CMA de Kossodo\u00a0: le d\u00e9p\u00f4t pharmaceutique r\u00e9partiteur  en flamme"},"content":{"rendered":"<div class=\"td-post-featured-image\"><a href=\"https:\/\/www.sidwaya.info\/wp-content\/uploads\/2021\/05\/CMA-1.jpg\" data-caption=\"\"><img loading=\"lazy\" decoding=\"async\" width=\"696\" height=\"306\" class=\"entry-thumb td-modal-image\" src=\"https:\/\/www.sidwaya.info\/wp-content\/uploads\/2021\/05\/CMA-1-696x306.jpg\" srcset=\"https:\/\/www.sidwaya.info\/wp-content\/uploads\/2021\/05\/CMA-1-696x306.jpg 696w, https:\/\/www.sidwaya.info\/wp-content\/uploads\/2021\/05\/CMA-1-300x132.jpg 300w, https:\/\/www.sidwaya.info\/wp-content\/uploads\/2021\/05\/CMA-1-768x337.jpg 768w, https:\/\/www.sidwaya.info\/wp-content\/uploads\/2021\/05\/CMA-1-150x66.jpg 150w, https:\/\/www.sidwaya.info\/wp-content\/uploads\/2021\/05\/CMA-1-957x420.jpg 957w, https:\/\/www.sidwaya.info\/wp-content\/uploads\/2021\/05\/CMA-1.jpg 984w\" sizes=\"auto, (max-width: 696px) 100vw, 696px\" alt=\"\" title=\"CMA 1\"\/><\/a><\/div>\n<p>Le b\u00e2timent qui abrite le d\u00e9p\u00f4t pharmaceutique r\u00e9partiteur du CMA de Kossodo a pris feu ce mercredi 12 mai 2021. Les sapeurs-pompiers sont actuellement sur les lieux et s\u2019activent \u00e0 \u00e9teindre le feu. Les raisons ne sont pas encore connues<\/p>\n<div class=\"td-a-rec td-a-rec-id-content_bottom tdi_33_81c td_block_template_1\">\n<style><![CDATA[\n<![CDATA[\n\/* custom css *\/\n.tdi_33_81c.td-a-rec{\n                                        text-align: center;\n                                }.tdi_33_81c .td-element-style{\n                                        z-index: -1;\n                                }.tdi_33_81c.td-a-rec-img{\n                                    text-align: left;\n                                }.tdi_33_81c.td-a-rec-img img{\n                    margin: 0 auto 0 0;\n                }@media (max-width: 767px) {\n                                    .tdi_33_81c.td-a-rec-img {\n                                        text-align: center;\n                                    }\n                }\n]]]]><![CDATA[>\n]]><\/style>\n<p><img loading=\"lazy\" decoding=\"async\" class=\"aligncenter size-full wp-image-27454\" src=\"https:\/\/www.sidwaya.info\/wp-content\/uploads\/2020\/10\/PUB-Bandeau-paiement-mobile-siteweb.jpg\" alt=\"\" width=\"728\" height=\"90\"\/><\/div>\n<p>Auteur: Wamini SIDWAYA<br \/>\n<a href=\"https:\/\/www.sidwaya.info\/blog\/2021\/05\/12\/cma-de-kossodo-le-depot-pharmaceutique-en-flamme\/\">Cliquez ici pour lire l&rsquo;article depuis sa source.<\/a><\/p>\n","protected":false},"excerpt":{"rendered":"<p>Le b\u00e2timent qui abrite le d\u00e9p\u00f4t pharmaceutique r\u00e9partiteur du CMA de Kossodo a pris feu ce mercredi 12 mai 2021. Les sapeurs-pompiers sont actuellement sur les lieux et s\u2019activent \u00e0 \u00e9teindre le feu. Les raisons ne sont pas encore connues Auteur: Wamini SIDWAYA Cliquez ici pour lire l&rsquo;article depuis sa source.<\/p>\n","protected":false},"author":1816,"featured_media":0,"comment_status":"closed","ping_status":"closed","sticky":false,"template":"","format":"standard","meta":{"fifu_image_url":"https:\/\/www.sidwaya.info\/wp-content\/uploads\/2021\/05\/CMA-1-696x306.jpg","fifu_image_alt":"CMA de Kossodo\u00a0: le d\u00e9p\u00f4t pharmaceutique r\u00e9partiteur  en flamme","footnotes":""},"categories":[73,81],"tags":[],"class_list":["post-116671","post","type-post","status-publish","format-standard","hentry","category-actualite","category-burkina-faso"],"_links":{"self":[{"href":"https:\/\/linitiative.ca\/International\/wp-json\/wp\/v2\/posts\/116671","targetHints":{"allow":["GET"]}}],"collection":[{"href":"https:\/\/linitiative.ca\/International\/wp-json\/wp\/v2\/posts"}],"about":[{"href":"https:\/\/linitiative.ca\/International\/wp-json\/wp\/v2\/types\/post"}],"author":[{"embeddable":true,"href":"https:\/\/linitiative.ca\/International\/wp-json\/wp\/v2\/users\/1816"}],"replies":[{"embeddable":true,"href":"https:\/\/linitiative.ca\/International\/wp-json\/wp\/v2\/comments?post=116671"}],"version-history":[{"count":0,"href":"https:\/\/linitiative.ca\/International\/wp-json\/wp\/v2\/posts\/116671\/revisions"}],"wp:attachment":[{"href":"https:\/\/linitiative.ca\/International\/wp-json\/wp\/v2\/media?parent=116671"}],"wp:term":[{"taxonomy":"category","embeddable":true,"href":"https:\/\/linitiative.ca\/International\/wp-json\/wp\/v2\/categories?post=116671"},{"taxonomy":"post_tag","embeddable":true,"href":"https:\/\/linitiative.ca\/International\/wp-json\/wp\/v2\/tags?post=116671"}],"curies":[{"name":"wp","href":"https:\/\/api.w.org\/{rel}","templated":true}]}}