{"id":116674,"date":"2021-05-12T13:10:41","date_gmt":"2021-05-12T17:10:41","guid":{"rendered":"https:\/\/linitiative.ca\/International\/cameroun-paul-biya-nomme-louis-ebou-mpecke-nouveau-directeur-general-de-lautorite-portuaire\/"},"modified":"2021-05-12T13:10:41","modified_gmt":"2021-05-12T17:10:41","slug":"cameroun-paul-biya-nomme-louis-ebou-mpecke-nouveau-directeur-general-de-lautorite-portuaire","status":"publish","type":"post","link":"https:\/\/linitiative.ca\/International\/cameroun-paul-biya-nomme-louis-ebou-mpecke-nouveau-directeur-general-de-lautorite-portuaire\/","title":{"rendered":"Cameroun : Paul Biya nomme Louis Ebou Mpecke, nouveau Directeur g\u00e9n\u00e9ral de l\u2019Autorit\u00e9 portuaire"},"content":{"rendered":"<div readability=\"32\">\n<p>Publi\u00e9 le 12.05.2021 \u00e0 18h10 par Christian Djimadeu<\/p>\n<\/div>\n<div readability=\"58\">\n<h5 class=\"c9\">Le pr\u00e9sident de la R\u00e9publique l\u2019a nomm\u00e9 ce 12 mai 2021 pour remplacer Josu\u00e9 Youmba, d\u00e9c\u00e9d\u00e9 le 28 avril 2021 des suites de maladie.<\/h5>\n<p class=\"c10\">En dehors de <strong>Louis Ebou Mpecke<\/strong> nomm\u00e9 DG, le chef de l\u2019Etat a promu <strong>Pam\u00e9la Ayuk \u00c9tah<\/strong>, comme Directeur g\u00e9n\u00e9ral adjoint. Elle \u00a0\u00e9tait jusqu\u2019ici \u00a0d\u00e9l\u00e9gu\u00e9 r\u00e9gional des Transports pour le Littoral.<\/p>\n<p class=\"c10\">Ainsi, l\u2019int\u00e9rimaire <strong>Simon Pierre Ediba<\/strong>, nomm\u00e9 DG par int\u00e9rim le 5 mai 2021 par le conseil d\u2019administration, n\u2019aura pass\u00e9 qu\u2019une semaine \u00e0 cette fonction.\u00a0 Ce dernier va certainement retrouver son poste \u00a0de Chef de la Division des Etudes, de la Planification et du D\u00e9veloppement Portuaire\u00a0(<strong>DEPDP<\/strong>).<\/p>\n<p class=\"c10\">L\u2019Autorit\u00e9 portuaire nationale a pour mission de superviser les\u00a0 activit\u00e9s portuaires, r\u00e9guler les\u00a0 activit\u00e9s portuaires, \u00a0et assurer leur\u00a0 suivi et leur \u00e9valuation.<\/p>\n<p class=\"c10\">Selon le rapport sur la situation des entreprises publiques et des \u00e9tablissements publics au 31 d\u00e9cembre 2019, l\u2019Autorit\u00e9 portuaire nationale avait un budget de fonctionnement de 1, 971 milliard de Fcfa, et un budget d\u2019investissement de 1,153 milliard.<\/p>\n<\/div>\n<p>Auteur: Christian DJIMADEU<br \/>\n<a href=\"https:\/\/www.journalducameroun.com\/cameroun-paul-biya-nomme-louis-ebou-mpecke-nouveau-directeur-general-de-lautorite-portuaire-cameroun\/\">Cliquez ici pour lire l&rsquo;article depuis sa source.<\/a><\/p>\n","protected":false},"excerpt":{"rendered":"<p>Publi\u00e9 le 12.05.2021 \u00e0 18h10 par Christian Djimadeu Le pr\u00e9sident de la R\u00e9publique l\u2019a nomm\u00e9 ce 12 mai 2021 pour remplacer Josu\u00e9 Youmba, d\u00e9c\u00e9d\u00e9 le 28 avril 2021 des suites de maladie. En dehors de Louis Ebou Mpecke nomm\u00e9 DG, le chef de l\u2019Etat a promu Pam\u00e9la Ayuk \u00c9tah, comme Directeur g\u00e9n\u00e9ral adjoint. Elle \u00a0\u00e9tait [&hellip;]<\/p>\n","protected":false},"author":1965,"featured_media":0,"comment_status":"closed","ping_status":"closed","sticky":false,"template":"","format":"standard","meta":{"fifu_image_url":"","fifu_image_alt":"","footnotes":""},"categories":[73,82],"tags":[],"class_list":["post-116674","post","type-post","status-publish","format-standard","hentry","category-actualite","category-cameroun"],"_links":{"self":[{"href":"https:\/\/linitiative.ca\/International\/wp-json\/wp\/v2\/posts\/116674","targetHints":{"allow":["GET"]}}],"collection":[{"href":"https:\/\/linitiative.ca\/International\/wp-json\/wp\/v2\/posts"}],"about":[{"href":"https:\/\/linitiative.ca\/International\/wp-json\/wp\/v2\/types\/post"}],"author":[{"embeddable":true,"href":"https:\/\/linitiative.ca\/International\/wp-json\/wp\/v2\/users\/1965"}],"replies":[{"embeddable":true,"href":"https:\/\/linitiative.ca\/International\/wp-json\/wp\/v2\/comments?post=116674"}],"version-history":[{"count":0,"href":"https:\/\/linitiative.ca\/International\/wp-json\/wp\/v2\/posts\/116674\/revisions"}],"wp:attachment":[{"href":"https:\/\/linitiative.ca\/International\/wp-json\/wp\/v2\/media?parent=116674"}],"wp:term":[{"taxonomy":"category","embeddable":true,"href":"https:\/\/linitiative.ca\/International\/wp-json\/wp\/v2\/categories?post=116674"},{"taxonomy":"post_tag","embeddable":true,"href":"https:\/\/linitiative.ca\/International\/wp-json\/wp\/v2\/tags?post=116674"}],"curies":[{"name":"wp","href":"https:\/\/api.w.org\/{rel}","templated":true}]}}