{"id":116675,"date":"2021-05-12T13:32:55","date_gmt":"2021-05-12T17:32:55","guid":{"rendered":"https:\/\/linitiative.ca\/International\/cameroun-le-gouvernement-dion-ngute-recoit-sa-seconde-dose-de-vaccin-anti-covid-19\/"},"modified":"2021-05-12T13:32:55","modified_gmt":"2021-05-12T17:32:55","slug":"cameroun-le-gouvernement-dion-ngute-recoit-sa-seconde-dose-de-vaccin-anti-covid-19","status":"publish","type":"post","link":"https:\/\/linitiative.ca\/International\/cameroun-le-gouvernement-dion-ngute-recoit-sa-seconde-dose-de-vaccin-anti-covid-19\/","title":{"rendered":"Cameroun : le gouvernement Dion Ngute re\u00e7oit sa seconde dose de vaccin anti Covid-19"},"content":{"rendered":"<div readability=\"32\">\n<p>Publi\u00e9 le 12.05.2021 \u00e0 18h32 par Christian Djimadeu<\/p>\n<\/div>\n<div readability=\"49\">\n<h5 class=\"c9\">Plusieurs ministres\u00a0et membres du corps diplomatique. ont \u00e9t\u00e9 \u00e0 nouveau vaccin\u00e9s ce 12 mai 2021 \u00e0 l\u2019Immeuble Etoile, abritant les services du Premier ministre.<\/h5>\n<p class=\"c10\">Apr\u00e8s la premi\u00e8re dose du vaccin re\u00e7ue le 22 avril 2021, les ministres se sont fait administrer la seconde dose ce jour \u00e0 Yaound\u00e9. A l\u2019occasion de la deuxi\u00e8me phase de la campagne sp\u00e9ciale de vaccination organis\u00e9e pour les membres du gouvernement et les membres du corps diplomatique.<\/p>\n<p class=\"c10\">L\u2019exercice de vaccination a \u00e9t\u00e9 supervis\u00e9 par le ministre de la Sant\u00e9 publique, le Dr Malachie Manaouda. S\u2019adressant \u00e0 la presse \u00e0 l\u2019issue du processus de vaccination, le patron de la Sant\u00e9 a indiqu\u00e9 que ce mercredi 12 mai, quelque 45 000 doses des vaccins Sinopharm et Astrazeneca ont jusqu\u2019\u00e0 pr\u00e9sent \u00e9t\u00e9 administr\u00e9es aux Camerounais.<\/p>\n<p class=\"c10\">Le Dr Malachie Manaouda a termin\u00e9 en appelant les Camerounais \u00e0 continuer de respecter les mesures de barri\u00e8re anti-COVID-19 m\u00eame s\u2019ils ont \u00e9t\u00e9 vaccin\u00e9s afin de mettre fin au r\u00e8gne du virus mortel au Cameroun.<\/p>\n<p class=\"c10\">Les campagnes de vaccination s\u2019effectuent dans les diff\u00e9rents centres de vaccination.<\/p>\n<\/div>\n<p>Auteur: Christian DJIMADEU<br \/>\n<a href=\"https:\/\/www.journalducameroun.com\/cameroun-le-gouvernement-dion-ngute-recoit-sa-seconde-dose-de-vaccin-anti-covid-19\/\">Cliquez ici pour lire l&rsquo;article depuis sa source.<\/a><\/p>\n","protected":false},"excerpt":{"rendered":"<p>Publi\u00e9 le 12.05.2021 \u00e0 18h32 par Christian Djimadeu Plusieurs ministres\u00a0et membres du corps diplomatique. ont \u00e9t\u00e9 \u00e0 nouveau vaccin\u00e9s ce 12 mai 2021 \u00e0 l\u2019Immeuble Etoile, abritant les services du Premier ministre. Apr\u00e8s la premi\u00e8re dose du vaccin re\u00e7ue le 22 avril 2021, les ministres se sont fait administrer la seconde dose ce jour \u00e0 [&hellip;]<\/p>\n","protected":false},"author":1965,"featured_media":0,"comment_status":"closed","ping_status":"closed","sticky":false,"template":"","format":"standard","meta":{"fifu_image_url":"","fifu_image_alt":"","footnotes":""},"categories":[73,82],"tags":[],"class_list":["post-116675","post","type-post","status-publish","format-standard","hentry","category-actualite","category-cameroun"],"_links":{"self":[{"href":"https:\/\/linitiative.ca\/International\/wp-json\/wp\/v2\/posts\/116675","targetHints":{"allow":["GET"]}}],"collection":[{"href":"https:\/\/linitiative.ca\/International\/wp-json\/wp\/v2\/posts"}],"about":[{"href":"https:\/\/linitiative.ca\/International\/wp-json\/wp\/v2\/types\/post"}],"author":[{"embeddable":true,"href":"https:\/\/linitiative.ca\/International\/wp-json\/wp\/v2\/users\/1965"}],"replies":[{"embeddable":true,"href":"https:\/\/linitiative.ca\/International\/wp-json\/wp\/v2\/comments?post=116675"}],"version-history":[{"count":0,"href":"https:\/\/linitiative.ca\/International\/wp-json\/wp\/v2\/posts\/116675\/revisions"}],"wp:attachment":[{"href":"https:\/\/linitiative.ca\/International\/wp-json\/wp\/v2\/media?parent=116675"}],"wp:term":[{"taxonomy":"category","embeddable":true,"href":"https:\/\/linitiative.ca\/International\/wp-json\/wp\/v2\/categories?post=116675"},{"taxonomy":"post_tag","embeddable":true,"href":"https:\/\/linitiative.ca\/International\/wp-json\/wp\/v2\/tags?post=116675"}],"curies":[{"name":"wp","href":"https:\/\/api.w.org\/{rel}","templated":true}]}}