{"id":116677,"date":"2021-05-12T16:18:02","date_gmt":"2021-05-12T20:18:02","guid":{"rendered":"https:\/\/linitiative.ca\/International\/ethiopie-plusieurs-arrestations-pour-complot-terroriste\/"},"modified":"2021-05-12T16:18:02","modified_gmt":"2021-05-12T20:18:02","slug":"ethiopie-plusieurs-arrestations-pour-complot-terroriste","status":"publish","type":"post","link":"https:\/\/linitiative.ca\/International\/ethiopie-plusieurs-arrestations-pour-complot-terroriste\/","title":{"rendered":"Ethiopie: plusieurs arrestations pour \u00ab complot terroriste \u00bb"},"content":{"rendered":"<div readability=\"32\">\n<p>Publi\u00e9 le 12.05.2021 \u00e0 21h18 par APA News<\/p>\n<\/div>\n<div readability=\"55\">\n<p>Les personnes arr\u00eat\u00e9es sont accus\u00e9es d\u2019avoir planifi\u00e9 des attaques terroristes contre la capitale Addis Abeba et d\u2019autres villes.Dans un communiqu\u00e9 rendu public ce mercredi, le Groupe de travail national sur la paix et la s\u00e9curit\u00e9 a d\u00e9clar\u00e9 que des preuves montrent que les suspects ont des connexions ext\u00e9rieures qui leur apportent un soutien financier et logistique.<\/p>\n<p>Selon le groupe de travail, les suspects sont membres du Front de lib\u00e9ration du peuple du Tigr\u00e9 (TPLF) et des groupes rebelles Shene, r\u00e9cemment d\u00e9sign\u00e9s par l\u2019Assembl\u00e9e nationale comme organisations terroristes.<\/p>\n<p>D\u2019importantes sommes d\u2019argent qui \u00e9taient transf\u00e9r\u00e9es aux terroristes pr\u00e9sum\u00e9s via l\u2019a\u00e9roport international de Bole et d\u2019autres m\u00e9canismes de transfert ont \u00e9t\u00e9 intercept\u00e9es par les forces de s\u00e9curit\u00e9, indique le communiqu\u00e9.<\/p>\n<p>Plus de 305.000 dollars et plus de deux millions de birr \u00e9thiopiens destin\u00e9s \u00e0 ces projets terroristes ont \u00e9t\u00e9 saisis.<\/p>\n<p>Ce faisant, le groupe de travail conjoint a annonc\u00e9 que des enqu\u00eates approfondies sont men\u00e9es pour retrouver les personnes et les organisations internes et externes qui soutiendraient les groupes terroristes sur le plan financier et logistique.<\/p>\n<\/div>\n<p>Auteur: APA News<br \/>\n<a href=\"https:\/\/www.journalducameroun.com\/ethiopie-plusieurs-arrestations-pour-complot-terroriste\/\">Cliquez ici pour lire l&rsquo;article depuis sa source.<\/a><\/p>\n","protected":false},"excerpt":{"rendered":"<p>Publi\u00e9 le 12.05.2021 \u00e0 21h18 par APA News Les personnes arr\u00eat\u00e9es sont accus\u00e9es d\u2019avoir planifi\u00e9 des attaques terroristes contre la capitale Addis Abeba et d\u2019autres villes.Dans un communiqu\u00e9 rendu public ce mercredi, le Groupe de travail national sur la paix et la s\u00e9curit\u00e9 a d\u00e9clar\u00e9 que des preuves montrent que les suspects ont des connexions [&hellip;]<\/p>\n","protected":false},"author":1965,"featured_media":0,"comment_status":"closed","ping_status":"closed","sticky":false,"template":"","format":"standard","meta":{"fifu_image_url":"","fifu_image_alt":"","footnotes":""},"categories":[73,82],"tags":[],"class_list":["post-116677","post","type-post","status-publish","format-standard","hentry","category-actualite","category-cameroun"],"_links":{"self":[{"href":"https:\/\/linitiative.ca\/International\/wp-json\/wp\/v2\/posts\/116677","targetHints":{"allow":["GET"]}}],"collection":[{"href":"https:\/\/linitiative.ca\/International\/wp-json\/wp\/v2\/posts"}],"about":[{"href":"https:\/\/linitiative.ca\/International\/wp-json\/wp\/v2\/types\/post"}],"author":[{"embeddable":true,"href":"https:\/\/linitiative.ca\/International\/wp-json\/wp\/v2\/users\/1965"}],"replies":[{"embeddable":true,"href":"https:\/\/linitiative.ca\/International\/wp-json\/wp\/v2\/comments?post=116677"}],"version-history":[{"count":0,"href":"https:\/\/linitiative.ca\/International\/wp-json\/wp\/v2\/posts\/116677\/revisions"}],"wp:attachment":[{"href":"https:\/\/linitiative.ca\/International\/wp-json\/wp\/v2\/media?parent=116677"}],"wp:term":[{"taxonomy":"category","embeddable":true,"href":"https:\/\/linitiative.ca\/International\/wp-json\/wp\/v2\/categories?post=116677"},{"taxonomy":"post_tag","embeddable":true,"href":"https:\/\/linitiative.ca\/International\/wp-json\/wp\/v2\/tags?post=116677"}],"curies":[{"name":"wp","href":"https:\/\/api.w.org\/{rel}","templated":true}]}}