{"id":116678,"date":"2021-05-12T11:37:38","date_gmt":"2021-05-12T15:37:38","guid":{"rendered":"https:\/\/linitiative.ca\/International\/decentralisation-400-000-f-a-700-000-f-mois-aux-executifs-regionaux-pour-tuer-le-temps\/"},"modified":"2021-05-12T11:37:38","modified_gmt":"2021-05-12T15:37:38","slug":"decentralisation-400-000-f-a-700-000-f-mois-aux-executifs-regionaux-pour-tuer-le-temps","status":"publish","type":"post","link":"https:\/\/linitiative.ca\/International\/decentralisation-400-000-f-a-700-000-f-mois-aux-executifs-regionaux-pour-tuer-le-temps\/","title":{"rendered":"D\u00e9centralisation : 400 000 F \u00e0 700 000 F\/mois aux ex\u00e9cutifs r\u00e9gionaux pour \u201ctuer\u201d le temps"},"content":{"rendered":"<p>100 jours d\u00e9j\u00e0 que les tout premiers pr\u00e9sidents des R\u00e9gions et les pr\u00e9sidents des conseils ex\u00e9cutifs r\u00e9gionaux ont \u00e9t\u00e9 install\u00e9s sur l\u2019ensemble du territoire. Plus de trois mois apr\u00e8s ce que beaucoup de personnes ont consid\u00e9r\u00e9 comme le d\u00e9marrage des activit\u00e9s des conseils r\u00e9gionaux, la population attend encore de voir les \u201chommes de la r\u00e9gion\u201d \u00e0 pied d\u2019\u0153uvre. Pour l\u2019heure, l\u2019on ne recense aucune rencontre avec la population, aucun chantier lanc\u00e9, m\u00eame pas une simple session du conseil r\u00e9gional. Les sceptiques n\u2019h\u00e9sitent pas \u00e0 parler d\u2019une fausse alerte.<\/p>\n<p><strong>Lire aussi<\/strong> : <strong><a href=\"https:\/\/ecomatin.net\/le-feicom-octroie-77-milliard-a-22-ctd\/\">Le FEICOM octroie 7,7 milliards \u00e0 22 CTD<\/a><\/strong><\/p>\n<p>Depuis lors, les ex\u00e9cutifs r\u00e9gionaux s\u2019occupent comme ils peuvent. D\u00e9couverte des locaux provisoires du conseil r\u00e9gional, visite du futur si\u00e8ge en chantier, rencontre avec le ministre de la d\u00e9centralisation et du D\u00e9veloppement local (Minddevel), s\u00e9minaires par-ci, ateliers par-l\u00e0 sur des divers th\u00e9matiques, notamment l\u2019\u00e9laboration du (premier) budget r\u00e9gional et la perspective d\u2019arrimage de ces collectivit\u00e9s territoriales d\u00e9centralis\u00e9es (CTD) \u00e0 la budg\u00e9tisation par programme.<\/p>\n<p>Au Minddevel, comme au minist\u00e8re de l\u2019Economie, de la planification et de l\u2019am\u00e9nagement du territoire (Minepat) et au minist\u00e8re des Finances (Minfi), l\u2019on explique ce \u201cretard \u00e0 l\u2019allumage\u201d par la n\u00e9cessit\u00e9 de s\u2019assurer d\u2019une bonne appropriation du processus d\u2019\u00e9laboration, de pr\u00e9sentation, d\u2019ex\u00e9cution et de contr\u00f4le de l\u2019ex\u00e9cution des budgets r\u00e9gionaux par les responsables de ces entit\u00e9s, en vue d\u2019une v\u00e9ritable acc\u00e9l\u00e9ration et des r\u00e9el approfondissement du processus de d\u00e9centralisation.<\/p>\n<p><strong>Lire aussi<\/strong> : <strong><a href=\"https:\/\/ecomatin.net\/dotation-generale-de-la-decentralisation-7-des-recettes-de-letat-transferees-aux-ctd-en-2021\/\">Dotation g\u00e9n\u00e9rale de la d\u00e9centralisation : 7% des recettes de l\u2019Etat transf\u00e9r\u00e9es aux CTD en 2021<\/a><\/strong><\/p>\n<p>Il a donc fallu prendre le temps n\u00e9cessaire pour \u201c\u00e9laborer et valider les modules de formation et s\u2019accorder sur la pr\u00e9sentation ou le format des budgets r\u00e9gionaux ; mettre \u00e0 niveau le pool des formateurs ; d\u00e9finir les programmes et actions des r\u00e9gions afin de s\u2019accorder sur la structuration de ces derniers, en vue de les harmoniser dans les dix R\u00e9gions; former les responsables de l\u2019ex\u00e9cutif des Conseils R\u00e9gionaux et leurs principaux collaborateurs sur l\u2019importance de l\u2019\u00e9laboration du budget en mode programme ; former les ex\u00e9cutifs r\u00e9gionaux sur le processus d\u2019\u00e9laboration, de pr\u00e9sentation, d\u2019ex\u00e9cution et de contr\u00f4le de l\u2019ex\u00e9cution des budgets r\u00e9gionaux en mode programme ; former les ex\u00e9cutifs r\u00e9gionaux \u00e0 conduire efficacement par eux-m\u00eames, tout le processus de budg\u00e9tisation.\u201d<\/p>\n<p><strong>3 milliards par r\u00e9gion<\/strong><\/p>\n<p>C\u00a0omme pour booster le moral de ces \u201cprinces\u201d des r\u00e9gions, le gouvernement a proc\u00e9d\u00e9, courant avril 2021, au virement de leur r\u00e9mun\u00e9ration mensuelle. Les pr\u00e9sidents et les membres des bureaux des conseils r\u00e9gionaux passent donc d\u00e9sormais \u00e0 la caisse chaque fin du mois. \u201cLa r\u00e9mun\u00e9ration ainsi servie couvre le traitement mensuel de base, \u00e0 l\u2019exclusion de toutes les indemnit\u00e9s pr\u00e9vues par le d\u00e9cret du 02 septembre 2020 qui seront prises en charge par les budgets de chaque R\u00e9gion sur la base des d\u00e9lib\u00e9rations prises en application de l\u2019article 134(2) de la loi de 2019 portant Code g\u00e9n\u00e9ral des collectivit\u00e9s territoriales d\u00e9centralis\u00e9es\u201d, explique le Minddevel Georges Elanga Obam dans un communiqu\u00e9.<\/p>\n<p><strong>Lire aussi<\/strong> : <strong><a href=\"https:\/\/ecomatin.net\/decentralisation-la-snd30-et-la-loi-de-finances-violent-le-code-des-ctd\/\">D\u00e9centralisation : la SND30 et la loi de finances violent le code des CTD<\/a><\/strong><\/p>\n<p>Pour faciliter la mise en place des r\u00e9gions, le pr\u00e9sident de la R\u00e9publique a ordonn\u00e9 le d\u00e9blocage d\u2019une somme de 30 milliards de Fcfa, \u00e0 raison de 3 milliards de Fcfa par r\u00e9gion. Ces ressources sont destin\u00e9es \u00e0 couvrir les frais de session des organes d\u00e9lib\u00e9rants, les frais de personnel, les salaires des membres des ex\u00e9cutifs r\u00e9gionaux, le fonctionnement des services, etc. L\u2019installation et le fonctionnement des conseils r\u00e9gionaux \u00e0 travers le pays n\u00e9cessitent 6,888 milliards de Fcfa. A date, aucun centime n\u2019a encore \u00e9t\u00e9 vir\u00e9 \u00e0 ces CTD.<\/p>\n<p>Pourtant, la mise en place des r\u00e9gions vient parachever le processus de d\u00e9centralisation au Cameroun. La nomination, le 21 janvier 2021, des receveurs r\u00e9gionaux par un arr\u00eat\u00e9 conjoint du Minddevel et du Minfi puis la nomination par le pr\u00e9sident de la R\u00e9publique des Secr\u00e9taires g\u00e9n\u00e9raux des Conseils r\u00e9gionaux quatre jours plus tard, a fait penser \u00e0 plus d\u2019une personne que le d\u00e9marrage des activit\u00e9s de r\u00e9gions n\u2019\u00e9tait plus qu\u2019une question de jours. Visiblement la population doit s\u2019armer de patience.<\/p>\n<p><strong>Lire aussi<\/strong> : <strong><a href=\"https:\/\/ecomatin.net\/finances-publiques-le-rappel-a-lordre-du-dg-du-tresor-aux-comptables-publics\/\">Finances publiques: le rappel \u00e0 l\u2019ordre du DG du Tr\u00e9sor aux comptables publics<\/a><\/strong><\/p>\n<p>Auteur: Philipe NSOA<br \/>\n<a href=\"https:\/\/ecomatin.net\/decentralisation-400-000-f-a-700-000-f-mois-aux-executifs-regionaux-pour-tuer-le-temps\/\">Cliquez ici pour lire l&rsquo;article depuis sa source.<\/a><\/p>\n","protected":false},"excerpt":{"rendered":"<p>100 jours d\u00e9j\u00e0 que les tout premiers pr\u00e9sidents des R\u00e9gions et les pr\u00e9sidents des conseils ex\u00e9cutifs r\u00e9gionaux ont \u00e9t\u00e9 install\u00e9s sur l\u2019ensemble du territoire. Plus de trois mois apr\u00e8s ce que beaucoup de personnes ont consid\u00e9r\u00e9 comme le d\u00e9marrage des activit\u00e9s des conseils r\u00e9gionaux, la population attend encore de voir les \u201chommes de la r\u00e9gion\u201d [&hellip;]<\/p>\n","protected":false},"author":1969,"featured_media":0,"comment_status":"closed","ping_status":"closed","sticky":false,"template":"","format":"standard","meta":{"fifu_image_url":"","fifu_image_alt":"","footnotes":""},"categories":[82,78],"tags":[],"class_list":["post-116678","post","type-post","status-publish","format-standard","hentry","category-cameroun","category-economie"],"_links":{"self":[{"href":"https:\/\/linitiative.ca\/International\/wp-json\/wp\/v2\/posts\/116678","targetHints":{"allow":["GET"]}}],"collection":[{"href":"https:\/\/linitiative.ca\/International\/wp-json\/wp\/v2\/posts"}],"about":[{"href":"https:\/\/linitiative.ca\/International\/wp-json\/wp\/v2\/types\/post"}],"author":[{"embeddable":true,"href":"https:\/\/linitiative.ca\/International\/wp-json\/wp\/v2\/users\/1969"}],"replies":[{"embeddable":true,"href":"https:\/\/linitiative.ca\/International\/wp-json\/wp\/v2\/comments?post=116678"}],"version-history":[{"count":0,"href":"https:\/\/linitiative.ca\/International\/wp-json\/wp\/v2\/posts\/116678\/revisions"}],"wp:attachment":[{"href":"https:\/\/linitiative.ca\/International\/wp-json\/wp\/v2\/media?parent=116678"}],"wp:term":[{"taxonomy":"category","embeddable":true,"href":"https:\/\/linitiative.ca\/International\/wp-json\/wp\/v2\/categories?post=116678"},{"taxonomy":"post_tag","embeddable":true,"href":"https:\/\/linitiative.ca\/International\/wp-json\/wp\/v2\/tags?post=116678"}],"curies":[{"name":"wp","href":"https:\/\/api.w.org\/{rel}","templated":true}]}}