{"id":116679,"date":"2021-05-12T11:51:43","date_gmt":"2021-05-12T15:51:43","guid":{"rendered":"https:\/\/linitiative.ca\/International\/developpement-local-69-chantiers-pour-les-regions-en-2021\/"},"modified":"2021-05-12T11:51:43","modified_gmt":"2021-05-12T15:51:43","slug":"developpement-local-69-chantiers-pour-les-regions-en-2021","status":"publish","type":"post","link":"https:\/\/linitiative.ca\/International\/developpement-local-69-chantiers-pour-les-regions-en-2021\/","title":{"rendered":"D\u00e9veloppement local : 69 chantiers pour les r\u00e9gions en 2021"},"content":{"rendered":"<p>Action \u00e9conomique, gestion de l\u2019environnement et des ressources naturelles, de la planification, de l\u2019am\u00e9nagement du territoire, des travaux publics, de l\u2019urbanisme et de l\u2019habitat, de la sant\u00e9 et de l\u2019action sociale, de l\u2019\u00e9ducation, de l\u2019alphab\u00e9tisation et de la formation professionnelle, de la jeunesse, des sports et des loisirs, de la culture et de la promotion des langues nationales. En principe, l\u2019action des r\u00e9gions devrait toucher pratiquement tous les aspects de la vie quotidienne du citoyen cette ann\u00e9e. Pour cet exercice budg\u00e9taire, la cartographie des comp\u00e9tences r\u00e9v\u00e8le 69 champs d\u2019action o\u00f9 les r\u00e9gions doivent se d\u00e9ployer.<\/p>\n<p><strong>Lire aussi<\/strong> : <strong><a href=\"https:\/\/ecomatin.net\/dotation-generale-de-la-decentralisation-7-des-recettes-de-letat-transferees-aux-ctd-en-2021\/\">Dotation g\u00e9n\u00e9rale de la d\u00e9centralisation : 7% des recettes de l\u2019Etat transf\u00e9r\u00e9es aux CTD en 2021<\/a><\/strong><\/p>\n<p>Au niveau de l\u2019action \u00e9conomique par exemple, il incombe aux ex\u00e9cutifs r\u00e9gionaux de promouvoir le tourisme, l\u2019artisanat, les PME, les activit\u00e9s agricoles, pastorales et piscicoles ; d\u2019encourager la cr\u00e9ation de regroupements r\u00e9gionaux pour les op\u00e9rateurs \u00e9conomiques et d\u2019apporter l\u2019appui aux micro-projets g\u00e9n\u00e9rateurs de revenus et d\u2019emplois.<\/p>\n<p>Au niveau de la gestion de l\u2019environnement et des ressources naturelles, la r\u00e9gion a la charge de la protection et l\u2019entretien des zones prot\u00e9g\u00e9es et des sites naturels relevant de sa comp\u00e9tence; la gestion des eaux d\u2019int\u00e9r\u00eat r\u00e9gional ; la cr\u00e9ation de bois, for\u00eats et zones prot\u00e9g\u00e9es d\u2019int\u00e9r\u00eat r\u00e9gional ; la r\u00e9alisation de pare-feu et mise \u00e0 feu pr\u00e9coce dans le cadre de la lutte contre les feux de brousse ; la gestion des parcs naturels r\u00e9gionaux; l\u2019\u00e9laboration, la mise en \u0153uvre et le suivi des plans ou sch\u00e9mas r\u00e9gionaux d\u2019action pour l\u2019environnement ainsi que l\u2019\u00e9laboration de plans r\u00e9gionaux sp\u00e9cifiques d\u2019intervention d\u2019urgence et de pr\u00e9vention des risques.<\/p>\n<p><strong>Lire aussi<\/strong> : <strong><a href=\"https:\/\/ecomatin.net\/decentralisation-la-snd30-et-la-loi-de-finances-violent-le-code-des-ctd\/\">D\u00e9centralisation : la SND30 et la loi de finances violent le code des CTD<\/a><\/strong><\/p>\n<p>En mati\u00e8re de planification, d\u2019am\u00e9nagement du territoire, des travaux publics, de l\u2019urbanisme et de l\u2019habitat, les r\u00e9gions sont attendues sur le terrain de la coordination des actions de d\u00e9veloppement ; la participation \u00e0 l\u2019\u00e9laboration des documents de planification urbaine et des sch\u00e9mas directeurs des collectivit\u00e9s territoriales ; l\u2019\u00e9laboration et ex\u00e9cution des plans r\u00e9gionaux de d\u00e9veloppement; la passation de contrats de plans pour la r\u00e9alisation d\u2019objectifs de d\u00e9veloppement ; la participation \u00e0 l\u2019organisation et \u00e0 la gestion des transports publics interurbains; l\u2019\u00e9laboration du sch\u00e9ma r\u00e9gional d\u2019am\u00e9nagement du territoire; la r\u00e9habilitation et l\u2019entretien des routes d\u00e9partementales et r\u00e9gionales ; le soutien \u00e0 l\u2019action des communes en mati\u00e8re d\u2019urbanisme et d\u2019habitat.<\/p>\n<p><strong>Coordination<\/strong><\/p>\n<p>Dans le domaine de la sant\u00e9, la r\u00e9gion a la responsabilit\u00e9 de la cr\u00e9ation, l\u2019\u00e9quipement, la gestion et l\u2019entretien des formations sanitaires de la r\u00e9gion, la participation \u00e0 l\u2019organisation et \u00e0 la gestion de l\u2019approvisionnement en m\u00e9dicaments, r\u00e9actifs et dispositifs essentiels, l\u2019organisation et la gestion de l\u2019assistance au profit des n\u00e9cessiteux ; etc.<\/p>\n<p>Pour ce qui est de l\u2019\u00e9ducation et de la formation professionnelle, il revient aux ex\u00e9cutifs r\u00e9gionaux de cr\u00e9er, \u00e9quiper, g\u00e9rer, entretenir, maintenir les lyc\u00e9es et les coll\u00e8ges ; recruter et prendre en charge le personnel d\u2019appoint des lyc\u00e9es et coll\u00e8ges ; r\u00e9partir les allocations des bourses et aides scolaires ; participer \u00e0 l\u2019acquisition des manuels et fournitures scolaires.<\/p>\n<p><strong>Lire aussi<\/strong> : <strong><a href=\"https:\/\/ecomatin.net\/finances-publiques-le-rappel-a-lordre-du-dg-du-tresor-aux-comptables-publics\/\">Finances publiques: le rappel \u00e0 l\u2019ordre du DG du Tr\u00e9sor aux comptables publics<\/a><\/strong><\/p>\n<p>Les r\u00e9gions sont aussi responsables de la politique d\u2019alphab\u00e9tisation, l\u2019encadrement de la jeunesse, la promotion des sports et des loisirs, de la culture et des langues nationales. Il en est ainsi de la cr\u00e9ation et gestion d\u2019orchestres, d\u2019ensembles lyriques traditionnels, de corps de ballets et de troupes de th\u00e9\u00e2tres d\u2019int\u00e9r\u00eat r\u00e9gional; la cr\u00e9ation et gestion de centres socio-culturels et des biblioth\u00e8ques de lecture publique d\u2019int\u00e9r\u00eat r\u00e9gional ; la collecte et traduction des \u00e9l\u00e9ments de la tradition orale, notamment les contes, mythes et l\u00e9gendes, en vue d\u2019en faciliter la publication ; la ma\u00eetrise fonctionnelle des langues nationales et mise au point de la carte linguistique r\u00e9gionale ; la participation \u00e0 la promotion de l\u2019\u00e9dition en langues nationales ; Promotion de la presse parl\u00e9e et \u00e9crite en langues nationales, etc.<\/p>\n<p><strong>Lire aussi<\/strong> : <strong><a href=\"https:\/\/ecomatin.net\/decentralisation-400-000-f-a-700-000-f-mois-aux-executifs-regionaux-pour-tuer-le-temps\/\">D\u00e9centralisation\u00a0: 400 000 F \u00e0 700 000 F\/mois aux ex\u00e9cutifs r\u00e9gionaux pour \u201ctuer\u201d le temps<\/a><\/strong><\/p>\n<p>Auteur: Philipe NSOA<br \/>\n<a href=\"https:\/\/ecomatin.net\/developpement-local-69-chantiers-pour-less-regions-en-2021\/\">Cliquez ici pour lire l&rsquo;article depuis sa source.<\/a><\/p>\n","protected":false},"excerpt":{"rendered":"<p>Action \u00e9conomique, gestion de l\u2019environnement et des ressources naturelles, de la planification, de l\u2019am\u00e9nagement du territoire, des travaux publics, de l\u2019urbanisme et de l\u2019habitat, de la sant\u00e9 et de l\u2019action sociale, de l\u2019\u00e9ducation, de l\u2019alphab\u00e9tisation et de la formation professionnelle, de la jeunesse, des sports et des loisirs, de la culture et de la promotion [&hellip;]<\/p>\n","protected":false},"author":1969,"featured_media":0,"comment_status":"closed","ping_status":"closed","sticky":false,"template":"","format":"standard","meta":{"fifu_image_url":"","fifu_image_alt":"","footnotes":""},"categories":[82,78],"tags":[],"class_list":["post-116679","post","type-post","status-publish","format-standard","hentry","category-cameroun","category-economie"],"_links":{"self":[{"href":"https:\/\/linitiative.ca\/International\/wp-json\/wp\/v2\/posts\/116679","targetHints":{"allow":["GET"]}}],"collection":[{"href":"https:\/\/linitiative.ca\/International\/wp-json\/wp\/v2\/posts"}],"about":[{"href":"https:\/\/linitiative.ca\/International\/wp-json\/wp\/v2\/types\/post"}],"author":[{"embeddable":true,"href":"https:\/\/linitiative.ca\/International\/wp-json\/wp\/v2\/users\/1969"}],"replies":[{"embeddable":true,"href":"https:\/\/linitiative.ca\/International\/wp-json\/wp\/v2\/comments?post=116679"}],"version-history":[{"count":0,"href":"https:\/\/linitiative.ca\/International\/wp-json\/wp\/v2\/posts\/116679\/revisions"}],"wp:attachment":[{"href":"https:\/\/linitiative.ca\/International\/wp-json\/wp\/v2\/media?parent=116679"}],"wp:term":[{"taxonomy":"category","embeddable":true,"href":"https:\/\/linitiative.ca\/International\/wp-json\/wp\/v2\/categories?post=116679"},{"taxonomy":"post_tag","embeddable":true,"href":"https:\/\/linitiative.ca\/International\/wp-json\/wp\/v2\/tags?post=116679"}],"curies":[{"name":"wp","href":"https:\/\/api.w.org\/{rel}","templated":true}]}}