{"id":116682,"date":"2021-05-12T13:02:26","date_gmt":"2021-05-12T17:02:26","guid":{"rendered":"https:\/\/linitiative.ca\/International\/lautorite-portuaire-national-a-un-nouveau-top-management\/"},"modified":"2021-05-12T13:02:26","modified_gmt":"2021-05-12T17:02:26","slug":"lautorite-portuaire-national-a-un-nouveau-top-management","status":"publish","type":"post","link":"https:\/\/linitiative.ca\/International\/lautorite-portuaire-national-a-un-nouveau-top-management\/","title":{"rendered":"L\u2019Autorit\u00e9 portuaire national \u00e0 un nouveau top management"},"content":{"rendered":"<p>L\u2019Autorit\u00e9 Portuaire Nationale (APN) \u00e0 d\u00e9sormais de nouveaux dirigeants. Le Pr\u00e9sident de la R\u00e9publique vient de signer deux d\u00e9crets portant nomination du Directeur g\u00e9n\u00e9ral et du Directeur g\u00e9n\u00e9ral adjoint. Le poste de Directeur g\u00e9n\u00e9ral revient alors \u00e0 Louis Eboubeke. Il sera second\u00e9 dans cette t\u00e2che par Etah Ayuk Pamela en qualit\u00e9 de Directeur g\u00e9n\u00e9ral adjoint. Cette nomination intervient apr\u00e8s, le d\u00e9c\u00e8s de son ancien Directeur Josu\u00e9 Youmba. Par la suite l\u2019int\u00e9rim a \u00e9t\u00e9 assur\u00e9 par Simon Pierre Ediba, port\u00e9 \u00e0 ce poste par le conseil d\u2019administration de l\u2019entreprise le 5 mai 2021.<\/p>\n<p><strong>Lire aussi<\/strong> : <strong><a href=\"https:\/\/ecomatin.net\/un-nouveau-dg-a-lautorite-portuairee-nationalee\/\">Le maire d\u2019Obala Simon Pierre Ediba, nomm\u00e9 DG par int\u00e9rim de l\u2019Autorit\u00e9 portuaire nationale<\/a><\/strong><\/p>\n<p>Notons qu\u2019avant cette nomination, Louis Eboubeke a occup\u00e9 entre autres fonctions celle de Directeur juridique et du contentieux de l\u2019Union Bank of Cameroon (UBC). Etah Ayuk Pamela, quant-\u00e0-elle occupait le poste de d\u00e9l\u00e9gu\u00e9 r\u00e9gional des transports dans la r\u00e9gion du Littoral.<\/p>\n<p>Les nouveaux dirigeants h\u00e9ritent \u00a0d\u2019une entreprise qui avait pour le compte de l\u2019ann\u00e9e 2019, un budget de fonctionnement de 1, 971 milliard de Fcfa, et un budget d\u2019investissement de 1,153 milliard, comme le r\u00e9v\u00e8le le rapport sur la situation des entreprises publiques et des \u00e9tablissements publics au 31 d\u00e9cembre 2019. Durant cette ann\u00e9e, l\u2019APN s\u2019est d\u00e9ploy\u00e9e \u00e0 travers deux sous-programmes que sont la planification du d\u00e9veloppement portuaire national et suivi des projets structurants; et la r\u00e9gulation des activit\u00e9s portuaires, comp\u00e9titivit\u00e9 et s\u00e9curit\u00e9\/s\u00fbret\u00e9 des ports camerounais.<\/p>\n<p><strong>Lire aussi<\/strong> : <strong><a href=\"https:\/\/ecomatin.net\/le-directeur-general-de-lautorite-portuaire-josue-youmba-nest-plus\/\">Le Directeur g\u00e9n\u00e9ral de l\u2019Autorit\u00e9 portuaire Josue Youmba, n\u2019est plus<\/a><\/strong><\/p>\n<p>Auteur: Amina MALLOUM<br \/>\n<a href=\"https:\/\/ecomatin.net\/lautorite-portuaire-national-a-un-nouveau-top-management\/\">Cliquez ici pour lire l&rsquo;article depuis sa source.<\/a><\/p>\n","protected":false},"excerpt":{"rendered":"<p>L\u2019Autorit\u00e9 Portuaire Nationale (APN) \u00e0 d\u00e9sormais de nouveaux dirigeants. Le Pr\u00e9sident de la R\u00e9publique vient de signer deux d\u00e9crets portant nomination du Directeur g\u00e9n\u00e9ral et du Directeur g\u00e9n\u00e9ral adjoint. Le poste de Directeur g\u00e9n\u00e9ral revient alors \u00e0 Louis Eboubeke. Il sera second\u00e9 dans cette t\u00e2che par Etah Ayuk Pamela en qualit\u00e9 de Directeur g\u00e9n\u00e9ral adjoint. [&hellip;]<\/p>\n","protected":false},"author":1969,"featured_media":0,"comment_status":"closed","ping_status":"closed","sticky":false,"template":"","format":"standard","meta":{"fifu_image_url":"","fifu_image_alt":"","footnotes":""},"categories":[82,78],"tags":[],"class_list":["post-116682","post","type-post","status-publish","format-standard","hentry","category-cameroun","category-economie"],"_links":{"self":[{"href":"https:\/\/linitiative.ca\/International\/wp-json\/wp\/v2\/posts\/116682","targetHints":{"allow":["GET"]}}],"collection":[{"href":"https:\/\/linitiative.ca\/International\/wp-json\/wp\/v2\/posts"}],"about":[{"href":"https:\/\/linitiative.ca\/International\/wp-json\/wp\/v2\/types\/post"}],"author":[{"embeddable":true,"href":"https:\/\/linitiative.ca\/International\/wp-json\/wp\/v2\/users\/1969"}],"replies":[{"embeddable":true,"href":"https:\/\/linitiative.ca\/International\/wp-json\/wp\/v2\/comments?post=116682"}],"version-history":[{"count":0,"href":"https:\/\/linitiative.ca\/International\/wp-json\/wp\/v2\/posts\/116682\/revisions"}],"wp:attachment":[{"href":"https:\/\/linitiative.ca\/International\/wp-json\/wp\/v2\/media?parent=116682"}],"wp:term":[{"taxonomy":"category","embeddable":true,"href":"https:\/\/linitiative.ca\/International\/wp-json\/wp\/v2\/categories?post=116682"},{"taxonomy":"post_tag","embeddable":true,"href":"https:\/\/linitiative.ca\/International\/wp-json\/wp\/v2\/tags?post=116682"}],"curies":[{"name":"wp","href":"https:\/\/api.w.org\/{rel}","templated":true}]}}