{"id":116683,"date":"2021-05-13T09:55:36","date_gmt":"2021-05-13T13:55:36","guid":{"rendered":"https:\/\/linitiative.ca\/International\/14-mai-1956-14-mai-2021-le-maroc-celebre-ce-vendredi-le-65eme-anniversaire-de-la-creation-des-far\/"},"modified":"2021-05-13T09:55:36","modified_gmt":"2021-05-13T13:55:36","slug":"14-mai-1956-14-mai-2021-le-maroc-celebre-ce-vendredi-le-65eme-anniversaire-de-la-creation-des-far","status":"publish","type":"post","link":"https:\/\/linitiative.ca\/International\/14-mai-1956-14-mai-2021-le-maroc-celebre-ce-vendredi-le-65eme-anniversaire-de-la-creation-des-far\/","title":{"rendered":"14 mai 1956-14 mai 2021: Le Maroc c\u00e9l\u00e8bre ce vendredi le 65\u00e8me anniversaire de la cr\u00e9ation des FAR"},"content":{"rendered":"<figure class=\"post-thumbnail\" itemprop=\"associatedMedia\" itemscope=\"itemscope\" itemtype=\"http:\/\/schema.org\/ImageObject\"><img decoding=\"async\" class=\"post_layout_5_img\" src=\"http:\/\/aujourdhui.ma\/wp-content\/uploads\/2020\/05\/64\u00e8me-anniversaire-des-FAR-2.jpg\" alt=\"14 mai 1956-14 mai 2021: Le Maroc c\u00e9l\u00e8bre ce vendredi le 65\u00e8me anniversaire de la cr\u00e9ation des FAR\"\/><\/figure>\n<p><span class=\"c7\"><strong>Le Maroc c\u00e9l\u00e8bre vendredi le 65-\u00e8me anniversaire de la cr\u00e9ation des Forces Arm\u00e9es Royales (FAR), une occasion de se rem\u00e9morer les grands sacrifices que les FAR ont consentis depuis leur cr\u00e9ation le 14 mai 1956, ainsi que leur d\u00e9vouement \u00e0 d\u00e9fendre la s\u00e9curit\u00e9 et la stabilit\u00e9 de la patrie et son int\u00e9grit\u00e9 territoriale, et \u00e0 prot\u00e9ger la vie, la sant\u00e9 et les biens des citoyens, sous la conduite \u00e9clair\u00e9e de Sa Majest\u00e9 le Roi Mohammed VI, Chef Supr\u00eame et Chef d\u2019\u00c9tat-major g\u00e9n\u00e9ral des FAR.<\/strong><\/span><span id=\"more-376382\"\/><\/p>\n<p>Cet anniversaire est l\u2019occasion de c\u00e9l\u00e9brer l\u2019esprit patriotique, l\u2019abn\u00e9gation et la bravoure dont les femmes et les hommes de cette vaillante institution nationale ont fait preuve, \u00e0 chaque conjoncture et \u00e9preuve, dans la d\u00e9fense des fondements de la Nation et Ses valeurs sacr\u00e9es, ainsi que la souverainet\u00e9 nationale, fid\u00e8les \u00e0 sa devise \u00e9ternelle \u00abDieu, la Patrie, le Roi\u00bb.<\/p>\n<p>Au lendemain de l\u2019ind\u00e9pendance du Royaume, Feu SM Mohammed V a tenu \u00e0 doter le Royaume d\u2019une arm\u00e9e moderne et professionnelle, une lourde responsabilit\u00e9 confi\u00e9e \u00e0 Feu SM Hassan II, alors Prince H\u00e9ritier, qui apr\u00e8s Son accession au Tr\u00f4ne de ses glorieux anc\u00eatre a poursuivi avec abn\u00e9gation et d\u00e9termination les efforts de perfectionnement de l\u2019organisation des FAR et de leurs \u00e9quipements.<\/p>\n<p>Sur la m\u00eame lanc\u00e9e, depuis Son accession au Tr\u00f4ne de Ses glorieux anc\u00eatres, SM le Roi Mohammed VI, Chef Supr\u00eame et Chef d\u2019Etat-major g\u00e9n\u00e9ral des Forces Arm\u00e9es Royales, n\u2019a eu de cesse d\u2019accorder une attention particuli\u00e8re \u00e0 cette institution, en modernisant et \u00e9quipant ses unit\u00e9s, et en la dotant de tous les moyens et logistiques n\u00e9cessaires, afin qu\u2019aujourd\u2019hui, elle est devenue un rempart pour la d\u00e9fense des valeurs sacr\u00e9es de la nation, un bouclier protecteur contre toute agression ext\u00e9rieure et un \u00e9l\u00e9ment de pr\u00e9vention, de s\u00e9curit\u00e9 et de secours en cas de catastrophe naturelle, inondations, tremblements de terre et pand\u00e9mies.<\/p>\n<p>Et si cet anniversaire est c\u00e9l\u00e9br\u00e9 pour la deuxi\u00e8me ann\u00e9e cons\u00e9cutive dans une conjoncture exceptionnelle marqu\u00e9e par la pand\u00e9mie de la Covid-19, il est judicieux de souligner la r\u00e9ponse exceptionnelle de cette vaillante institution et son engagement imm\u00e9diat et fort, en application des hautes instructions de Sa Majest\u00e9 le Roi Mohammed VI, dans la lutte contre l\u2019\u00e9pid\u00e9mie qui a frapp\u00e9 le Maroc comme le reste du monde. Les FAR ont veill\u00e9 \u00e0 mobiliser toutes les ressources humaines, mat\u00e9rielles, m\u00e9dicales et logistiques pour participer efficacement \u00e0 l\u2019effort de lutte contre cette pand\u00e9mie et limiter sa propagation.<\/p>\n<p>En effet, les membres des Forces Arm\u00e9es Royales ont fait preuve d\u2019un haut niveau de professionnalisme lors de la participation, aux c\u00f4t\u00e9s de l\u2019ensemble des intervenants, \u00e0 la gestion de cette pand\u00e9mie, \u00e0 travers la rapidit\u00e9 de pr\u00e9paration et de d\u00e9ploiement d\u2019h\u00f4pitaux de campagne, la mise \u00e0 contribution de plusieurs grands centres relevant des Forces arm\u00e9es royales pour l\u2019h\u00e9bergement des patient en cas de besoin, outre le renforcement de l\u2019ensemble des centres hospitaliers relevant du minist\u00e8re de la sant\u00e9 en \u00e9quipes m\u00e9dicales, cadres infirmiers et assistants sociaux relevant des diff\u00e9rents services des Forces Arm\u00e9es Royales, de la Gendarmerie Royale et des Forces Auxiliaires, assurant ainsi les plus belles formes de solidarit\u00e9 nationale et professionnelle avec leurs homologues civils, dans l\u2019ensemble des \u00e9tablissements hospitaliers du Royaume.<\/p>\n<p>Gr\u00e2ce \u00e0 la forte implication en premi\u00e8re ligne de ces forces pour faire face \u00e0 cette pand\u00e9mie, \u00e0 leur participation aux campagnes de sensibilisation et \u00e0 l\u2019application sur le terrain des mesures pr\u00e9ventives, le Maroc a pu \u00e9viter d\u2019enregistrer un bilan catastrophique de l\u2019\u00e9pid\u00e9mie du Coronavirus.<\/p>\n<p>Sans aucun doute, l\u2019ann\u00e9e 2020 t\u00e9moignera du haut niveau de professionnalisme des Forces Arm\u00e9es Royales, qui ont \u00e9crit, en novembre dernier, une nouvelle \u00e9pop\u00e9e dans la d\u00e9fense de l\u2019int\u00e9grit\u00e9 territoriale du Royaume et la pr\u00e9servation de la s\u00e9curit\u00e9 de la patrie, \u00e0 travers leur h\u00e9ro\u00efque intervention pour mettre un terme aux provocations de la milice du \u00ab\u00a0polisario\u00a0\u00bb dans la zone tampon d\u2019El Guerguarate et s\u00e9curiser le trafic \u00e0 travers ce passage, apr\u00e8s des semaines de blocage.<\/p>\n<p>Cette intervention des FAR, men\u00e9e pacifiquement et sans menace pour la s\u00e9curit\u00e9 des civils, en application des Hautes instructions de SM le Roi Mohammed VI, a permis la reprise de la circulation des biens et des personnes au point de passage El Guerguarate reliant le Maroc \u00e0 la Mauritanie, apr\u00e8s que les Forces Arm\u00e9es Royales aient contraint des \u00e9l\u00e9ments de la milice \u00e0 fuir sans enregistrer de d\u00e9g\u00e2ts humains.<\/p>\n<p>La d\u00e9cision des Forces Arm\u00e9es Royales d\u2019intervenir, a \u00e9t\u00e9 hautement salu\u00e9 dans les m\u00e9dias nationaux et internationaux eu \u00e9gard au r\u00f4le des FAR dans le r\u00e9tablissement de la s\u00e9curit\u00e9 dans la r\u00e9gion et dans la pr\u00e9vention des dangers que constituent les mercenaires du \u00ab\u00a0polisario\u00a0\u00bb.<\/p>\n<p>Dans le cadre du service militaire, les FAR ont fait preuve d\u2019une gestion et d\u2019un encadrement exemplaires dans toutes les \u00e9tapes qui ont accompagn\u00e9 le processus d\u2019int\u00e9gration des nouvelle recrues convoqu\u00e9es, notamment en mettant \u00e0 leur disposition des infrastructures, des cadres p\u00e9dagogiques et des ressources p\u00e9dagogiques afin de permettre \u00e0 la jeunesse marocaine de d\u00e9velopper une formation professionnelle appliqu\u00e9e qui r\u00e9pond \u00e0 leurs aspirations \u00e0 s\u2019int\u00e9grer dans le tissu soci\u00e9tal et \u00e0 s\u2019engager dans des projets de construction et d\u2019\u00e9dification dans un esprit de patriotisme et de responsabilit\u00e9.<\/p>\n<p>Avec le m\u00eame esprit \u00e9lev\u00e9 de discipline et de d\u00e9vouement qui caract\u00e9rise les efforts des FAR \u00e0 l\u2019int\u00e9rieur du pays, cette institution nationale continue de s\u2019acquitter de ses nobles fonctions dans le cadre des op\u00e9rations de maintien de la paix \u00e0 travers le monde, r\u00e9affirmant son engagement au profit des valeurs de paix, de s\u00e9curit\u00e9 et de solidarit\u00e9 dans le monde.<\/p>\n<p>\u00c0 cet \u00e9gard, les contingents militaires marocains continuent de s\u2019acquitter de leurs t\u00e2ches dans le cadre de ces op\u00e9rations en R\u00e9publique d\u00e9mocratique du Congo et en Centrafrique, outre les efforts sans cesse consentis par le personnel de l\u2019h\u00f4pital militaire marocain de campagne du camp Zaatari en Jordanie au profit des r\u00e9fugi\u00e9s syriens, et de l\u2019h\u00f4pital militaire m\u00e9dico-chirurgical de campagne d\u00e9ploy\u00e9 \u00e0 Beyrouth au profit des victimes de l\u2019explosion du port de Beyrouth le 4 juillet 2020.<\/p>\n<p>Op\u00e9rationnel depuis le 10 ao\u00fbt 2020, l\u2019h\u00f4pital m\u00e9dico-chirurgical de campagne marocain \u00e0 Beyrouth a \u00e9t\u00e9 compos\u00e9 de 150 militaires, dont 45 personnels m\u00e9dicaux de diverses sp\u00e9cialit\u00e9s (r\u00e9animateurs, chirurgiens, traumatologues, ORL, ophtalmologues, neurochirurgiens, p\u00e9diatres, pharmacien), des infirmiers sp\u00e9cialis\u00e9s et des \u00e9l\u00e9ments de soutien.<\/p>\n<p>Tout au long de son d\u00e9ploiement, cet h\u00f4pital de campagne multidisciplinaire a assur\u00e9 23.167 consultations m\u00e9dicales au profit des bless\u00e9s de la population libanaise. L\u2019h\u00f4pital militaire a \u00e9galement effectu\u00e9 avec succ\u00e8s 431 interventions chirurgicales et 6.433 examens compl\u00e9mentaires, notamment en biologie, radiologie, et \u00e9chographie. Durant son d\u00e9ploiement 469 hospitalisations et 4 accouchements ont \u00e9t\u00e9 enregistr\u00e9s.<\/p>\n<p>Ainsi, les FAR continuent de consolider leur nom, \u00e0 travers les sacrifices qu\u2019elles consentent et les actes louables qu\u2019elles accomplissent au service de la nation, des citoyens et de l\u2019humanit\u00e9 en g\u00e9n\u00e9ral. Son nom est grav\u00e9 dans la m\u00e9moire du peuple marocain, qui comm\u00e9more fi\u00e8rement le 65e anniversaire de la naissance de cette vaillante institution, devenue un symbole de souverainet\u00e9 nationale, un bouclier pour la nation et sa fiert\u00e9.<\/p>\n<p>Auteur: ALM<br \/>\n<a href=\"https:\/\/aujourdhui.ma\/actualite\/14-mai-1956-14-mai-2021-le-maroc-celebre-ce-vendredi-le-65eme-anniversaire-de-la-creation-des-far\">Cliquez ici pour lire l&rsquo;article depuis sa source.<\/a><\/p>\n","protected":false},"excerpt":{"rendered":"<p>Le Maroc c\u00e9l\u00e8bre vendredi le 65-\u00e8me anniversaire de la cr\u00e9ation des Forces Arm\u00e9es Royales (FAR), une occasion de se rem\u00e9morer les grands sacrifices que les FAR ont consentis depuis leur cr\u00e9ation le 14 mai 1956, ainsi que leur d\u00e9vouement \u00e0 d\u00e9fendre la s\u00e9curit\u00e9 et la stabilit\u00e9 de la patrie et son int\u00e9grit\u00e9 territoriale, et \u00e0 [&hellip;]<\/p>\n","protected":false},"author":1759,"featured_media":0,"comment_status":"closed","ping_status":"closed","sticky":false,"template":"","format":"standard","meta":{"fifu_image_url":"http:\/\/aujourdhui.ma\/wp-content\/uploads\/2020\/05\/64\u00e8me-anniversaire-des-FAR-2.jpg","fifu_image_alt":"14 mai 1956-14 mai 2021: Le Maroc c\u00e9l\u00e8bre ce vendredi le 65\u00e8me anniversaire de la cr\u00e9ation des FAR","footnotes":""},"categories":[73,54],"tags":[],"class_list":["post-116683","post","type-post","status-publish","format-standard","hentry","category-actualite","category-maroc"],"_links":{"self":[{"href":"https:\/\/linitiative.ca\/International\/wp-json\/wp\/v2\/posts\/116683","targetHints":{"allow":["GET"]}}],"collection":[{"href":"https:\/\/linitiative.ca\/International\/wp-json\/wp\/v2\/posts"}],"about":[{"href":"https:\/\/linitiative.ca\/International\/wp-json\/wp\/v2\/types\/post"}],"author":[{"embeddable":true,"href":"https:\/\/linitiative.ca\/International\/wp-json\/wp\/v2\/users\/1759"}],"replies":[{"embeddable":true,"href":"https:\/\/linitiative.ca\/International\/wp-json\/wp\/v2\/comments?post=116683"}],"version-history":[{"count":0,"href":"https:\/\/linitiative.ca\/International\/wp-json\/wp\/v2\/posts\/116683\/revisions"}],"wp:attachment":[{"href":"https:\/\/linitiative.ca\/International\/wp-json\/wp\/v2\/media?parent=116683"}],"wp:term":[{"taxonomy":"category","embeddable":true,"href":"https:\/\/linitiative.ca\/International\/wp-json\/wp\/v2\/categories?post=116683"},{"taxonomy":"post_tag","embeddable":true,"href":"https:\/\/linitiative.ca\/International\/wp-json\/wp\/v2\/tags?post=116683"}],"curies":[{"name":"wp","href":"https:\/\/api.w.org\/{rel}","templated":true}]}}