{"id":116684,"date":"2021-05-13T10:00:32","date_gmt":"2021-05-13T14:00:32","guid":{"rendered":"https:\/\/linitiative.ca\/International\/changement-climatique-avec-le-second-plan-dactions-la-banque-mondiale-accelere-la-cadence\/"},"modified":"2021-05-13T10:00:32","modified_gmt":"2021-05-13T14:00:32","slug":"changement-climatique-avec-le-second-plan-dactions-la-banque-mondiale-accelere-la-cadence","status":"publish","type":"post","link":"https:\/\/linitiative.ca\/International\/changement-climatique-avec-le-second-plan-dactions-la-banque-mondiale-accelere-la-cadence\/","title":{"rendered":"Changement climatique : Avec le second plan d\u2019actions, la Banque  mondiale acc\u00e9l\u00e8re la cadence"},"content":{"rendered":"<figure class=\"post-thumbnail\" itemprop=\"associatedMedia\" itemscope=\"itemscope\" itemtype=\"http:\/\/schema.org\/ImageObject\"><img decoding=\"async\" class=\"post_layout_5_img\" src=\"http:\/\/aujourdhui.ma\/wp-content\/uploads\/2021\/05\/changement-climatique.jpg\" alt=\"Changement climatique : Avec le second plan d\u2019actions, la Banque mondiale acc\u00e9l\u00e8re la cadence\"\/><\/figure>\n<p><span class=\"c8\"><strong><span class=\"c7\">\u00abD\u00e8s lors, le changement climatique est l\u2019un des plus grands d\u00e9fis de notre g\u00e9n\u00e9ration. Au Maroc aussi, les derniers orages pendant ce mois de mai sont l\u00e0 pour le confirmer. Les enjeux sont r\u00e9els\u00bb.<\/span><\/strong><\/span><span id=\"more-376344\"\/><\/p>\n<p><span class=\"c9\">L\u2019instance internationale est bel et bien r\u00e9solue, face aux impacts n\u00e9gatifs du changement climatique sur la plan\u00e8te, d\u2019acc\u00e9l\u00e9rer le processus d\u2019accompagnement des pays dans leur d\u00e9marche de transition et ce, conform\u00e9ment aux accords de Paris. Pour signer l\u2019engagement, un second plan a \u00e9t\u00e9 vot\u00e9 et couvre la p\u00e9riode jusqu\u2019\u00e0 2025. Retour sur un processus de plus en plus urgent. Les d\u00e9tails.<\/span><\/p>\n<p>Apr\u00e8s un premier plan d\u2019action sur le changement climatique couvrant la p\u00e9riode 2016 \u00e0 2020, la Banque mondiale monte d\u2019un cran, \u00e0 travers le nouveau plan, allant de 2021 \u00e0 2025. Les objectifs sont de s\u2019aligner sur l\u2019accord de Paris et d\u2019accompagner les pays dans leur d\u00e9marche de transition vers la sortie du charbon. Pour y parvenir, les financements de l\u2019institution internationale seront prioritairement affect\u00e9s \u00e0 l\u2019att\u00e9nuation des \u00e9missions de gaz \u00e0 effet de serre (GES) et l\u2019adaptation au changement. D\u00e8s lors, le changement climatique est l\u2019un des plus grands d\u00e9fis de notre g\u00e9n\u00e9ration. Au Maroc aussi, les derniers orages pendant ce mois de mai sont l\u00e0 pour le confirmer. Les enjeux sont r\u00e9els. Et d\u2019une mani\u00e8re g\u00e9n\u00e9rale, les modifications atmosph\u00e9riques ont compromis les gains de d\u00e9veloppement de ces derni\u00e8res d\u00e9cennies, creusant la pauvret\u00e9 et les in\u00e9galit\u00e9s. C\u2019est dans ce sens que le Groupe de la Banque mondiale s\u2019est engag\u00e9 \u00e0 relever le niveau de ses ambitions, en adoptant un nouveau plan d\u2019action sur le changement climatique.<\/p>\n<p>C\u2019est le 1er avril 2021, que les grandes lignes de ce plan d\u2019action ont \u00e9t\u00e9 pr\u00e9sent\u00e9es aux administrateurs et au pr\u00e9sident du Groupe de la Banque mondiale, David Malpass. L\u2019int\u00e9r\u00eat n\u2019a pas tard\u00e9 \u00e0 s\u2019inscrire dans la continuit\u00e9 de la d\u00e9claration du repr\u00e9sentant l\u00e9gal de l\u2019organisme financier. C\u2019est en effet en ces termes que le patron de l\u2019institution internationale s\u2019est exprim\u00e9 le 2 avril dernier: \u00ab(\u2026) Pour r\u00e9aliser notre double objectif de r\u00e9duction de la pauvret\u00e9 et de promotion d\u2019une prosp\u00e9rit\u00e9 partag\u00e9e, le Groupe de la Banque mondiale doit imp\u00e9rativement aider les pays \u00e0 int\u00e9grer pleinement le climat et le d\u00e9veloppement. Il est \u00e9galement important de les aider \u00e0 optimiser l\u2019impact des financements climatiques, en r\u00e9alisant des progr\u00e8s mesurables sur les moyens d\u2019existence gr\u00e2ce \u00e0 l\u2019adaptation, et des r\u00e9ductions mesurables des \u00e9missions de gaz \u00e0 effet de serre gr\u00e2ce \u00e0 l\u2019att\u00e9nuation\u00bb.<\/p>\n<p>Tout est dit. Le nouveau plan d\u2019actions sur le changement climatique visera \u00e0 int\u00e9grer pleinement les enjeux climatiques dans toutes les activit\u00e9s de d\u00e9veloppement de la Banque mondiale. Soutenir les pays et les acteurs du secteur priv\u00e9 pour qu\u2019ils prennent des mesures plus ambitieuses en mati\u00e8re de climat, tel est l\u2019objectif ultime. L\u2019accent sur l\u2019adaptation et la r\u00e9silience fait partie aussi des engagements de l\u2019instance internationale. Par ailleurs, soutenir la transformation des cinq syst\u00e8mes les plus \u00e9metteurs de GES (gaz \u00e0 effet de serre), \u00e0 savoir l\u2019\u00e9nergie, les transports, les villes, l\u2019agriculture et l\u2019alimentation, et le secteur industriel devient une priorit\u00e9 incontestable. Pour rappel, 83 milliards de dollars de financements en faveur des pays en d\u00e9veloppement ont pu \u00eatre mobilis\u00e9s lors du premier plan d\u2019actions. \u00abIl aura permis, entre autres activit\u00e9s, d\u2019accro\u00eetre massivement le d\u00e9ploiement des \u00e9nergies renouvelables, de r\u00e9duire les risques de catastrophe pour les communaut\u00e9s vuln\u00e9rables, de mettre en place des syst\u00e8mes d\u2019alerte pr\u00e9coce pour des millions d\u2019habitants et de restaurer des paysages d\u00e9grad\u00e9s\u00bb, assurent les experts internationaux de la question. Il s\u2019agira aujourd\u2019hui d\u2019acc\u00e9l\u00e9rer le processus pour lisser les impacts sur les conditions de vie de toute une l\u2019Humanit\u00e9. Ce rappel arrive \u00e0 point nomm\u00e9 \u00e0 quelques semaines de la journ\u00e9e mondiale de l\u2019environnement c\u00e9l\u00e9br\u00e9e chaque ann\u00e9e le 5 juin. Un \u00e9tat des lieux sera certainement effectu\u00e9.<\/p>\n<p>Auteur: Dounia Essabban<br \/>\n<a href=\"https:\/\/aujourdhui.ma\/economie\/changement-climatique-avec-le-second-plan-dactions-la-banque-mondiale-accelere-la-cadence\">Cliquez ici pour lire l&rsquo;article depuis sa source.<\/a><\/p>\n","protected":false},"excerpt":{"rendered":"<p>\u00abD\u00e8s lors, le changement climatique est l\u2019un des plus grands d\u00e9fis de notre g\u00e9n\u00e9ration. Au Maroc aussi, les derniers orages pendant ce mois de mai sont l\u00e0 pour le confirmer. Les enjeux sont r\u00e9els\u00bb. L\u2019instance internationale est bel et bien r\u00e9solue, face aux impacts n\u00e9gatifs du changement climatique sur la plan\u00e8te, d\u2019acc\u00e9l\u00e9rer le processus d\u2019accompagnement [&hellip;]<\/p>\n","protected":false},"author":1759,"featured_media":0,"comment_status":"closed","ping_status":"closed","sticky":false,"template":"","format":"standard","meta":{"fifu_image_url":"http:\/\/aujourdhui.ma\/wp-content\/uploads\/2021\/05\/changement-climatique.jpg","fifu_image_alt":"Changement climatique : Avec le second plan d\u2019actions, la Banque  mondiale acc\u00e9l\u00e8re la cadence","footnotes":""},"categories":[73,54],"tags":[],"class_list":["post-116684","post","type-post","status-publish","format-standard","hentry","category-actualite","category-maroc"],"_links":{"self":[{"href":"https:\/\/linitiative.ca\/International\/wp-json\/wp\/v2\/posts\/116684","targetHints":{"allow":["GET"]}}],"collection":[{"href":"https:\/\/linitiative.ca\/International\/wp-json\/wp\/v2\/posts"}],"about":[{"href":"https:\/\/linitiative.ca\/International\/wp-json\/wp\/v2\/types\/post"}],"author":[{"embeddable":true,"href":"https:\/\/linitiative.ca\/International\/wp-json\/wp\/v2\/users\/1759"}],"replies":[{"embeddable":true,"href":"https:\/\/linitiative.ca\/International\/wp-json\/wp\/v2\/comments?post=116684"}],"version-history":[{"count":0,"href":"https:\/\/linitiative.ca\/International\/wp-json\/wp\/v2\/posts\/116684\/revisions"}],"wp:attachment":[{"href":"https:\/\/linitiative.ca\/International\/wp-json\/wp\/v2\/media?parent=116684"}],"wp:term":[{"taxonomy":"category","embeddable":true,"href":"https:\/\/linitiative.ca\/International\/wp-json\/wp\/v2\/categories?post=116684"},{"taxonomy":"post_tag","embeddable":true,"href":"https:\/\/linitiative.ca\/International\/wp-json\/wp\/v2\/tags?post=116684"}],"curies":[{"name":"wp","href":"https:\/\/api.w.org\/{rel}","templated":true}]}}