{"id":116686,"date":"2021-05-13T10:45:15","date_gmt":"2021-05-13T14:45:15","guid":{"rendered":"https:\/\/linitiative.ca\/International\/distribution-a-marrakech-de-paniers-alimentaires-au-profit-des-artisans\/"},"modified":"2021-05-13T10:45:15","modified_gmt":"2021-05-13T14:45:15","slug":"distribution-a-marrakech-de-paniers-alimentaires-au-profit-des-artisans","status":"publish","type":"post","link":"https:\/\/linitiative.ca\/International\/distribution-a-marrakech-de-paniers-alimentaires-au-profit-des-artisans\/","title":{"rendered":"Distribution \u00e0 Marrakech  de paniers alimentaires au profit des artisans"},"content":{"rendered":"<header>\n<\/header>\n<div class=\"entry-content clearfix\" readability=\"50\">\n<figure class=\"post-thumbnail\" itemprop=\"associatedMedia\" itemscope=\"itemscope\" itemtype=\"http:\/\/schema.org\/ImageObject\"><img decoding=\"async\" class=\"post_layout_5_img\" src=\"http:\/\/aujourdhui.ma\/wp-content\/uploads\/2021\/05\/paniers.jpg\" alt=\"Distribution \u00e0 Marrakech de paniers alimentaires au profit des artisans\"\/><\/figure>\n<p><span class=\"c7\"><strong>Une op\u00e9ration de distribution de quelque 207 paniers alimentaires au profit des artisans de Marrakech, profond\u00e9ment touch\u00e9s par les r\u00e9percussions de la crise induite par la propagation de la pand\u00e9mie du nouveau Coronavirus, s\u2019est poursuivie tout au long du mois sacr\u00e9 de Ramadan, \u00e0 l\u2019initiative de l\u2019Association \u00ab1001 Artisans\u00bb.<\/strong><\/span><span id=\"more-376365\"\/><\/p>\n<p>\u00abLa distribution s\u2019est d\u00e9roul\u00e9e dans de tr\u00e8s bonnes conditions et les paniers alimentaires ont \u00e9t\u00e9 livr\u00e9s aux b\u00e9n\u00e9ficiaires chez eux, notamment les vieux artisans ou ceux en situation de handicap op\u00e9rant dans le cadre d\u2019une coop\u00e9rative\u00bb, explique l\u2019Association \u00ab1001 Artisans\u00bb, mettant l\u2019accent sur l\u2019impact de la Covid-19 sur le secteur de l\u2019artisanat notamment, avec un grand nombre d\u2019artisans qui se sont retrouv\u00e9s en arr\u00eat d\u2019activit\u00e9 depuis des mois. Et de poursuivre que les distributions de paniers alimentaires sont \u00abun geste symbolique\u00bb de solidarit\u00e9 qui fait toujours plaisir et une action des plus souhait\u00e9es au moment o\u00f9 les sources de revenu des artisans sont devenues tr\u00e8s limit\u00e9es. La premi\u00e8re exp\u00e9rience de distribution date de mai 2020 gr\u00e2ce aux ventes solidaires aux ench\u00e8res des produits des artisans, dont la plus-value est g\u00e9n\u00e9r\u00e9e gr\u00e2ce \u00e0 la vente de 70 produits d\u2019artisans sur Instagram, ayant permis l\u2019achat de denr\u00e9es alimentaires et la distribution des premiers paniers, rappellent les organisateurs.<\/p>\n<\/div>\n<p>Auteur: ALM<br \/>\n<a href=\"https:\/\/aujourdhui.ma\/societe\/distribution-a-marrakech-de-paniers-alimentaires-au-profit-des-artisans\">Cliquez ici pour lire l&rsquo;article depuis sa source.<\/a><\/p>\n","protected":false},"excerpt":{"rendered":"<p>Une op\u00e9ration de distribution de quelque 207 paniers alimentaires au profit des artisans de Marrakech, profond\u00e9ment touch\u00e9s par les r\u00e9percussions de la crise induite par la propagation de la pand\u00e9mie du nouveau Coronavirus, s\u2019est poursuivie tout au long du mois sacr\u00e9 de Ramadan, \u00e0 l\u2019initiative de l\u2019Association \u00ab1001 Artisans\u00bb. \u00abLa distribution s\u2019est d\u00e9roul\u00e9e dans de [&hellip;]<\/p>\n","protected":false},"author":1759,"featured_media":0,"comment_status":"closed","ping_status":"closed","sticky":false,"template":"","format":"standard","meta":{"fifu_image_url":"http:\/\/aujourdhui.ma\/wp-content\/uploads\/2021\/05\/paniers.jpg","fifu_image_alt":"Distribution \u00e0 Marrakech  de paniers alimentaires au profit des artisans","footnotes":""},"categories":[73,54],"tags":[],"class_list":["post-116686","post","type-post","status-publish","format-standard","hentry","category-actualite","category-maroc"],"_links":{"self":[{"href":"https:\/\/linitiative.ca\/International\/wp-json\/wp\/v2\/posts\/116686","targetHints":{"allow":["GET"]}}],"collection":[{"href":"https:\/\/linitiative.ca\/International\/wp-json\/wp\/v2\/posts"}],"about":[{"href":"https:\/\/linitiative.ca\/International\/wp-json\/wp\/v2\/types\/post"}],"author":[{"embeddable":true,"href":"https:\/\/linitiative.ca\/International\/wp-json\/wp\/v2\/users\/1759"}],"replies":[{"embeddable":true,"href":"https:\/\/linitiative.ca\/International\/wp-json\/wp\/v2\/comments?post=116686"}],"version-history":[{"count":0,"href":"https:\/\/linitiative.ca\/International\/wp-json\/wp\/v2\/posts\/116686\/revisions"}],"wp:attachment":[{"href":"https:\/\/linitiative.ca\/International\/wp-json\/wp\/v2\/media?parent=116686"}],"wp:term":[{"taxonomy":"category","embeddable":true,"href":"https:\/\/linitiative.ca\/International\/wp-json\/wp\/v2\/categories?post=116686"},{"taxonomy":"post_tag","embeddable":true,"href":"https:\/\/linitiative.ca\/International\/wp-json\/wp\/v2\/tags?post=116686"}],"curies":[{"name":"wp","href":"https:\/\/api.w.org\/{rel}","templated":true}]}}