{"id":116688,"date":"2021-05-12T14:00:00","date_gmt":"2021-05-12T18:00:00","guid":{"rendered":"https:\/\/linitiative.ca\/International\/la-riposte-marocaine\/"},"modified":"2021-05-12T14:00:00","modified_gmt":"2021-05-12T18:00:00","slug":"la-riposte-marocaine","status":"publish","type":"post","link":"https:\/\/linitiative.ca\/International\/la-riposte-marocaine\/","title":{"rendered":"La riposte marocaine !"},"content":{"rendered":"<p class=\"has-text-align-center has-vivid-red-color has-text-color\"><strong>A vrai dire<\/strong><\/p>\n<p class=\"has-text-align-left has-vivid-cyan-blue-color has-text-color\"><strong>Quelle mouche a bien pu piquer le voisin de la M\u00e9diterran\u00e9e pour se comporter de la sorte avec son alli\u00e9 strat\u00e9gique sur une panoplie d\u2019int\u00e9r\u00eats mutuels\u00a0? Certes, c\u2019est \u00a0d\u00e9sormais de coutume que les espagnols versent dans l\u2019inimiti\u00e9 envers notre pays, en lui assenant des tra\u00eetrises \u00e0 son dos, au moment o\u00f9 on s\u2019y attendait le moins.<\/strong><\/p>\n<p class=\"has-text-align-left\">Le coup bas qui advient, en catimini et mont\u00e9 de toutes pi\u00e8ces avec la connivence de la junte alg\u00e9roise, a d\u00e9voil\u00e9, ce ressentiment enfoui, depuis l\u2019\u00e8re coloniale. Cette fois-ci, le clou est \u00ab\u00a0l\u00e2chement\u00a0\u00bb enfonc\u00e9 sans vergogne, dans les entrailles de la cause sacr\u00e9e du peuple marocain, au point de susciter l\u2019exasp\u00e9ration des composantes, aussi bien de l\u2019\u00e9lite politique, de la soci\u00e9t\u00e9 civile et le parterre de l\u2019h\u00e9micycle. Tout le monde monte au cr\u00e9neau et s\u2019indigne en haussant le ton devant cette \u00abignominie\u00bb, sordidement maniganc\u00e9e. La p\u00e9ninsule a beau \u00e9luder sa forfaiture, par de mi\u00e8vres argumentations, elle se montre incongrue face \u00e0 la fermet\u00e9 de l\u2019autorit\u00e9 marocaine, \u00e0 travers son communiqu\u00e9 interpellant. Il va sans dire que le royaume compte y aller encore plus loin en vue de coiffer au poteau cette hideuse abjection.<\/p>\n<p class=\"has-text-align-left\">Le Maroc n\u2019a plus envie de se conduire en \u00ab\u00a0brebis c\u00e2line\u00a0\u00bb, sans piper mot, d\u00e8s lors qu\u2019on se met \u00e0 \u00e9clabousser sa souverainet\u00e9. Notre pays avait toujours honor\u00e9 ses obligations \u00e0 l\u2019\u00e9gard de son voisin en mati\u00e8re de lutte contre l\u2019\u00e9migration clandestine, de trafic de stup\u00e9fiants et de prolif\u00e9ration d\u2019actes \u00a0terroristes. Au fait, comme en t\u00e9moigne la communaut\u00e9 r\u00e9gionale, il a constamment \u00e9t\u00e9 encens\u00e9 pour ses performances \u00e0 cet effet, notamment l\u2019Union Europ\u00e9enne.<\/p>\n<p class=\"has-text-align-left\">De m\u00eame, les deux royaumes frontaliers sont condamn\u00e9s \u00e0 coop\u00e9rer dans la clart\u00e9, de par la proximit\u00e9 et la r\u00e9ciprocit\u00e9 les liant depuis des lustres, dans tous les domaines d\u2019ordre socio-\u00e9conomique, s\u00e9curitaire et culturel. A aucun moment, notre pays n\u2019a failli \u00e0 ses engagements, quoiqu\u2019il ait \u00e9t\u00e9, \u00e0 maintes reprises, \u00ab\u00a0poignard\u00e9\u00a0\u00bb par des positions souvent entach\u00e9es de brouille, concernant notre int\u00e9grit\u00e9 territoriale, si l\u2019on sait qu\u2019\u00e0 ce niveau, le Maroc, en son statut privil\u00e9gi\u00e9 de l\u2019UE, m\u00e9ritait, en effet, bien meilleur traitement de la part de la France et de l\u2019Espagne, comme avait dit Emmanuel Valls, ex premier ministre de l\u2019Hexagone, quand il \u00e9voquait le Sahara marocain, en s\u2019adressant \u00e0 la gauche ib\u00e9rique \u00a0: \u00ab<em>La France et l\u2019Espagne doivent \u00eatre des partenaires loyaux du Maroc dont le r\u00f4le est obligatoire pour la stabilisation de l\u2019espace m\u00e9diterran\u00e9en et de l\u2019Afrique subsaharienne\u00a0\u00bb.<\/em> Il faut dire enfin que des voix espagnoles sages crient haut et fort \u00e0 s\u2019insurger contre ce volte-face du pouvoir espagnol, en r\u00e9f\u00e9rence \u00e0 l\u2019\u00e9minent appel de l\u2019ancien diplomate tricolore\u00a0!<\/p>\n<p>Auteur: M&rsquo;hammed rahal<br \/>\n<a href=\"http:\/\/albayane.press.ma\/la-riposte-marocaine.html\">Cliquez ici pour lire l&rsquo;article depuis sa source.<\/a><\/p>\n","protected":false},"excerpt":{"rendered":"<p>A vrai dire Quelle mouche a bien pu piquer le voisin de la M\u00e9diterran\u00e9e pour se comporter de la sorte avec son alli\u00e9 strat\u00e9gique sur une panoplie d\u2019int\u00e9r\u00eats mutuels\u00a0? Certes, c\u2019est \u00a0d\u00e9sormais de coutume que les espagnols versent dans l\u2019inimiti\u00e9 envers notre pays, en lui assenant des tra\u00eetrises \u00e0 son dos, au moment o\u00f9 on [&hellip;]<\/p>\n","protected":false},"author":1760,"featured_media":0,"comment_status":"closed","ping_status":"closed","sticky":false,"template":"","format":"standard","meta":{"fifu_image_url":"","fifu_image_alt":"","footnotes":""},"categories":[73,54],"tags":[],"class_list":["post-116688","post","type-post","status-publish","format-standard","hentry","category-actualite","category-maroc"],"_links":{"self":[{"href":"https:\/\/linitiative.ca\/International\/wp-json\/wp\/v2\/posts\/116688","targetHints":{"allow":["GET"]}}],"collection":[{"href":"https:\/\/linitiative.ca\/International\/wp-json\/wp\/v2\/posts"}],"about":[{"href":"https:\/\/linitiative.ca\/International\/wp-json\/wp\/v2\/types\/post"}],"author":[{"embeddable":true,"href":"https:\/\/linitiative.ca\/International\/wp-json\/wp\/v2\/users\/1760"}],"replies":[{"embeddable":true,"href":"https:\/\/linitiative.ca\/International\/wp-json\/wp\/v2\/comments?post=116688"}],"version-history":[{"count":0,"href":"https:\/\/linitiative.ca\/International\/wp-json\/wp\/v2\/posts\/116688\/revisions"}],"wp:attachment":[{"href":"https:\/\/linitiative.ca\/International\/wp-json\/wp\/v2\/media?parent=116688"}],"wp:term":[{"taxonomy":"category","embeddable":true,"href":"https:\/\/linitiative.ca\/International\/wp-json\/wp\/v2\/categories?post=116688"},{"taxonomy":"post_tag","embeddable":true,"href":"https:\/\/linitiative.ca\/International\/wp-json\/wp\/v2\/tags?post=116688"}],"curies":[{"name":"wp","href":"https:\/\/api.w.org\/{rel}","templated":true}]}}