{"id":116691,"date":"2021-05-12T14:00:00","date_gmt":"2021-05-12T18:00:00","guid":{"rendered":"https:\/\/linitiative.ca\/International\/la-cooperation-scientifique-et-technologique-au-coeur-dentretiens-maroco-portugais\/"},"modified":"2021-05-12T14:00:00","modified_gmt":"2021-05-12T18:00:00","slug":"la-cooperation-scientifique-et-technologique-au-coeur-dentretiens-maroco-portugais","status":"publish","type":"post","link":"https:\/\/linitiative.ca\/International\/la-cooperation-scientifique-et-technologique-au-coeur-dentretiens-maroco-portugais\/","title":{"rendered":"La coop\u00e9ration scientifique et technologique au c\u0153ur d\u2019entretiens maroco-portugais"},"content":{"rendered":"<p><strong>Le ministre de l\u2019\u00c9ducation nationale, de la Formation professionnelle, de l\u2019Enseignement sup\u00e9rieur et de la Recherche scientifique, Saaid Amzazi, s\u2019est entretenu, mardi par visioconf\u00e9rence, avec le ministre de la Science, de la Technologie et de l\u2019Enseignement sup\u00e9rieur du Portugal, Manuel Heitor.<\/strong><\/p>\n<p>Ces entretiens, qui ont eu lieu en pr\u00e9sence de l\u2019ambassadeur du Royaume du Maroc \u00e0 Lisbonne, Othmane Bahnini, et de l\u2019ambassadeur de la R\u00e9publique portugaise \u00e0 Rabat, Bernardo Futscher Pereira, ainsi que de responsables administratifs et d\u2019institutions scientifiques et de recherche des deux pays, ont \u00e9t\u00e9 l\u2019occasion d\u2019explorer les perspectives de renforcement des relations de coop\u00e9ration dans le domaine de l\u2019enseignement sup\u00e9rieur et la recherche scientifique entre le Royaume du Maroc et la R\u00e9publique portugaise, indique un communiqu\u00e9 du minist\u00e8re.<\/p>\n<p>Les deux parties ont discut\u00e9 des moyens de renforcement des relations entre les deux pays et d\u2019extension des ponts de coop\u00e9ration entre les universit\u00e9s et les institutions de recherche marocaines et leurs homologues portugaises, notamment en mati\u00e8re d\u2019\u00e9change d\u2019exp\u00e9riences et d\u2019expertises, de mobilit\u00e9 des \u00e9tudiants et des enseignants, de co-tutelle de th\u00e8ses de Doctorat et de double diplomation, pr\u00e9cise-t-on.<\/p>\n<p>Il s\u2019agit \u00e9galement de la mise en place de programmes conjoints pour le financement de la recherche scientifique et de l\u2019innovation dans les domaines prioritaires et d\u2019int\u00e9r\u00eat communs, tant sur le plan de la coop\u00e9ration bilat\u00e9rale que multilat\u00e9rale. Ces programmes porteront particuli\u00e8rement sur les domaines li\u00e9s aux agro-ressources, \u00e0 l\u2019arganier, aux enseignements tir\u00e9s de la pand\u00e9mie du Covid-19, \u00e0 l\u2019oc\u00e9anographie, \u00e0 l\u2019intelligence artificielle, \u00e0 l\u2019espace et aux satellites.<\/p>\n<p>M. Amzazi a soulign\u00e9, dans son intervention \u00e0 cette occasion, que \u201ccette rencontre rev\u00eat une importance toute particuli\u00e8re dans le renforcement et le d\u00e9veloppement des activit\u00e9s et des programmes bilat\u00e9raux\u201d.<\/p>\n<p>\u201cElle constitue une opportunit\u00e9 pour consolider la coop\u00e9ration acad\u00e9mique et scientifique dans les domaines prioritaires et explorer les perspectives de sa mise en valeur\u201d, a-t-il dit, ajoutant que \u201cnous appelons au d\u00e9veloppement de la coop\u00e9ration interuniversitaire, qui est un pilier fondamental pour un partenariat durable\u201d.<\/p>\n<p>Par ailleurs, M. Amzazi a affirm\u00e9 que \u201cle Maroc dispose d\u2019un bilan des plus honorables dans le cadre des programmes europ\u00e9ens, notamment Horizon 2020 et Erasmus+. Il serait judicieux de former, dans ce sens, des consortia Maroc-Portugal afin de dynamiser cette participation conjointe auxdits programmes\u201d.<\/p>\n<p>De son c\u00f4t\u00e9, M. Heitor a dit \u201cnous sommes d\u00e9termin\u00e9s \u00e0 renforcer la coop\u00e9ration avec le Maroc, notamment en mati\u00e8res acad\u00e9mique et scientifique. Nous serons tr\u00e8s enchant\u00e9s d\u2019accueillir le Maroc au sein du The Atlantic International Research Center, en tant que membre\u201d, poursuit la m\u00eame source.<\/p>\n<p>Le Royaume du Maroc et la R\u00e9publique portugaise entretiennent des relations distingu\u00e9es, depuis la signature de l\u2019Accord de Coop\u00e9ration Culturelle en 1978, et qui ont donn\u00e9 lieu \u00e0 de nombreux accords interminist\u00e9riels et programmes d\u2019application entre les universit\u00e9s des deux pays, conclut le communiqu\u00e9.<\/p>\n<p>Auteur: M&rsquo;hammed rahal<br \/>\n<a href=\"http:\/\/albayane.press.ma\/la-cooperation-scientifique-et-technologique-au-coeur-dentretiens-maroco-portugais.html\">Cliquez ici pour lire l&rsquo;article depuis sa source.<\/a><\/p>\n","protected":false},"excerpt":{"rendered":"<p>Le ministre de l\u2019\u00c9ducation nationale, de la Formation professionnelle, de l\u2019Enseignement sup\u00e9rieur et de la Recherche scientifique, Saaid Amzazi, s\u2019est entretenu, mardi par visioconf\u00e9rence, avec le ministre de la Science, de la Technologie et de l\u2019Enseignement sup\u00e9rieur du Portugal, Manuel Heitor. Ces entretiens, qui ont eu lieu en pr\u00e9sence de l\u2019ambassadeur du Royaume du Maroc [&hellip;]<\/p>\n","protected":false},"author":1760,"featured_media":0,"comment_status":"closed","ping_status":"closed","sticky":false,"template":"","format":"standard","meta":{"fifu_image_url":"","fifu_image_alt":"","footnotes":""},"categories":[73,54],"tags":[],"class_list":["post-116691","post","type-post","status-publish","format-standard","hentry","category-actualite","category-maroc"],"_links":{"self":[{"href":"https:\/\/linitiative.ca\/International\/wp-json\/wp\/v2\/posts\/116691","targetHints":{"allow":["GET"]}}],"collection":[{"href":"https:\/\/linitiative.ca\/International\/wp-json\/wp\/v2\/posts"}],"about":[{"href":"https:\/\/linitiative.ca\/International\/wp-json\/wp\/v2\/types\/post"}],"author":[{"embeddable":true,"href":"https:\/\/linitiative.ca\/International\/wp-json\/wp\/v2\/users\/1760"}],"replies":[{"embeddable":true,"href":"https:\/\/linitiative.ca\/International\/wp-json\/wp\/v2\/comments?post=116691"}],"version-history":[{"count":0,"href":"https:\/\/linitiative.ca\/International\/wp-json\/wp\/v2\/posts\/116691\/revisions"}],"wp:attachment":[{"href":"https:\/\/linitiative.ca\/International\/wp-json\/wp\/v2\/media?parent=116691"}],"wp:term":[{"taxonomy":"category","embeddable":true,"href":"https:\/\/linitiative.ca\/International\/wp-json\/wp\/v2\/categories?post=116691"},{"taxonomy":"post_tag","embeddable":true,"href":"https:\/\/linitiative.ca\/International\/wp-json\/wp\/v2\/tags?post=116691"}],"curies":[{"name":"wp","href":"https:\/\/api.w.org\/{rel}","templated":true}]}}