{"id":116692,"date":"2021-05-12T14:01:00","date_gmt":"2021-05-12T18:01:00","guid":{"rendered":"https:\/\/linitiative.ca\/International\/renaissance-dune-nation\/"},"modified":"2021-05-12T14:01:00","modified_gmt":"2021-05-12T18:01:00","slug":"renaissance-dune-nation","status":"publish","type":"post","link":"https:\/\/linitiative.ca\/International\/renaissance-dune-nation\/","title":{"rendered":"Renaissance d\u2019une Nation"},"content":{"rendered":"<p class=\"has-text-align-center has-vivid-red-color has-text-color\"><strong>Parution du 2\u00e8 tome de la 65\u00e8me partie<\/strong><\/p>\n<p><strong>Le 2\u00e8 tome de la 65\u00e8me partie de l\u2019ouvrage \u00ab\u00a0Inbi\u00e2at Oumma\u00a0\u00bb (Renaissance d\u2019une Nation), r\u00e9dig\u00e9 sous la direction de l\u2019historiographe du Royaume et porte-parole du Palais royal, M. Abdelhak Lamrini, vient de para\u00eetre aux \u00e9ditions de l\u2019imprimerie royale.<\/strong><\/p>\n<p>La couverture de cet ouvrage de 545 pages, de format moyen, comprend une illustration photographique qui repr\u00e9sente SM le Roi Mohammed VI adressant un discours royal \u00e0 l\u2019occasion de l\u2019ouverture de la 1\u00e8re session de la 5\u00e8me ann\u00e9e l\u00e9gislative de la 10\u00e8me l\u00e9gislature, le vendredi 9 octobre 2020.<\/p>\n<p>L\u2019ouvrage est divis\u00e9 en trois chapitres: le premier d\u00e9di\u00e9 aux discours et activit\u00e9s du Souverain, le deuxi\u00e8me aux activit\u00e9s princi\u00e8res et le troisi\u00e8me aux affaires nationales et questions diplomatiques.<\/p>\n<p>Parmi les discours royaux inclus dans le premier chapitre, figure le discours royal adress\u00e9 \u00e0 l\u2019occasion du 21e anniversaire de l\u2019accession du Souverain au Tr\u00f4ne de Ses Glorieux anc\u00eatres (29 juillet 2020), le discours royal \u00e0 l\u2019occasion du 67\u00e8 anniversaire de la R\u00e9volution du Roi et du Peuple (20 ao\u00fbt 2020), et le discours prononc\u00e9 par le Souverain \u00e0 l\u2019occasion du 45\u00e8 anniversaire de la Marche Verte (7 novembre 2020).<\/p>\n<p>Ce chapitre comprend \u00e9galement des messages adress\u00e9s par SM le Roi aux Rois et chefs d\u2019\u00c9tat \u00e0 diverses occasions, les messages re\u00e7us par le Souverain, et les messages que SM le Roi a adress\u00e9 aux participants \u00e0 des manifestations nationales et internationales, y compris le message de f\u00e9licitations du pr\u00e9sident am\u00e9ricain Donald Trump \u00e0 l\u2019occasion de la F\u00eate du Tr\u00f4ne dans lequel il salue les r\u00e9alisations du Maroc sous le leadership de SM le Roi Mohammed VI et renouvelle l\u2019engagement des \u00c9tats-Unis pour un Maroc souverain et stable (30 juillet 2020), l\u2019initiative de SM le Roi d\u2019envoyer une aide m\u00e9dicale et humanitaire urgente au Liban \u00e0 la suite de la tragique explosion qui s\u2019est produite dans le port de Beyrouth (6 ao\u00fbt 2020), et le message adress\u00e9 par le Souverain au pr\u00e9sident du Comit\u00e9 des Nations-Unies pour l\u2019exercice des droits inali\u00e9nables du peuple palestinien \u00e0 l\u2019occasion de la journ\u00e9e internationale de solidarit\u00e9 avec le peuple palestinien (29 novembre 2020).<\/p>\n<p>Parmi les activit\u00e9s royales, il faut citer la pr\u00e9sidence par SM le Roi d\u2019une s\u00e9ance de travail consacr\u00e9e \u00e0 la strat\u00e9gie des \u00e9nergies renouvelables dans le cadre du suivi des grands chantiers et des projets strat\u00e9giques (22 octobre 2020), les Hautes instructions donn\u00e9es par le Souverain pour le lancement de la campagne de vaccination contre le Coronavirus (9 novembre 2020), l\u2019audience accord\u00e9e par le Souverain au conseiller principal du pr\u00e9sident des Etats-Unis d\u2019Am\u00e9rique, au conseiller \u00e0 la S\u00e9curit\u00e9 nationale de l\u2019Etat d\u2019Isra\u00ebl et \u00e0 l\u2019assistant sp\u00e9cial du pr\u00e9sident des Etats-Unis et repr\u00e9sentant sp\u00e9cial pour les n\u00e9gociations internationales (22 d\u00e9cembre 2020), ainsi que les Hautes instructions donn\u00e9es par SM le Roi au gouvernement pour l\u2019adoption de la gratuit\u00e9 du vaccin contre l\u2019\u00e9pid\u00e9mie de Covid-19 au profit de tous les Marocains (8 d\u00e9cembre 2020).<\/p>\n<p>Le chapitre consacr\u00e9 aux activit\u00e9s princi\u00e8res fait \u00e9tat de l\u2019obtention par SAR le Prince H\u00e9ritier Moulay El Hassan du baccalaur\u00e9at session-2020 avec mention \u00ab\u00a0Tr\u00e8s Bien\u00a0\u00bb (7 juillet 2020), et l\u2019activit\u00e9 au cours de laquelle SA Lalla Zineb, a re\u00e7u au Centre Lalla Meriem des enfants priv\u00e9s de famille \u00e0 Rabat, le pr\u00e9sident du Minist\u00e8re public (17 d\u00e9cembre 2020).<\/p>\n<p>Concernant les affaires nationales et les questions diplomatiques, l\u2019ouvrage aborde notamment la reconnaissance par la Commission europ\u00e9enne de la gestion exemplaire men\u00e9e par le Maroc dans le contexte de la crise sanitaire de Covid19 (3 juillet 2020), l\u2019\u00e9lection du Royaume du Maroc au Comit\u00e9 des droits de l\u2019homme des Nations Unies (17 septembre 2020) et l\u2019engagement r\u00e9it\u00e9r\u00e9 du Maroc, lors de l\u2019ouverture du 13e Sommet extraordinaire de l\u2019Union africaine, \u00e0 mettre en \u0153uvre l\u2019accord sur la zone de libre-\u00e9change continentale africaine (5 d\u00e9cembre 2020).<\/p>\n<p>Outre la photo de couverture, l\u2019ouvrage comprend des photos en couleur de SM le Roi pr\u00e9sidant un conseil des ministres au Palais Royal \u00e0 Rabat et une s\u00e9ance de travail consacr\u00e9e aux \u00e9nergies renouvelables dans le cadre du suivi des grands chantiers et projets strat\u00e9giques, donnant Ses Hautes instructions pour le lancement de la campagne de vaccination contre le coronavirus et recevant une d\u00e9l\u00e9gation am\u00e9ricano-isra\u00e9lienne de haut niveau au Palais Royal \u00e0 Rabat.<\/p>\n<p>Cet ouvrage, \u00e9dit\u00e9 par l\u2019Imprimerie Royale \u00e0 la place du M\u00e9chouar au Palais Royal de Rabat, a \u00e9t\u00e9 r\u00e9dig\u00e9 par le directeur de l\u2019Imprimerie Royale, Aboubakr Benmansour et Abdellah Alaoui Briouel, administrateur principal \u00e0 l\u2019Imprimerie.<\/p>\n<p>Auteur: M&rsquo;hammed rahal<br \/>\n<a href=\"http:\/\/albayane.press.ma\/renaissance-dune-nation.html\">Cliquez ici pour lire l&rsquo;article depuis sa source.<\/a><\/p>\n","protected":false},"excerpt":{"rendered":"<p>Parution du 2\u00e8 tome de la 65\u00e8me partie Le 2\u00e8 tome de la 65\u00e8me partie de l\u2019ouvrage \u00ab\u00a0Inbi\u00e2at Oumma\u00a0\u00bb (Renaissance d\u2019une Nation), r\u00e9dig\u00e9 sous la direction de l\u2019historiographe du Royaume et porte-parole du Palais royal, M. Abdelhak Lamrini, vient de para\u00eetre aux \u00e9ditions de l\u2019imprimerie royale. La couverture de cet ouvrage de 545 pages, de [&hellip;]<\/p>\n","protected":false},"author":1760,"featured_media":0,"comment_status":"closed","ping_status":"closed","sticky":false,"template":"","format":"standard","meta":{"fifu_image_url":"","fifu_image_alt":"","footnotes":""},"categories":[73,54],"tags":[],"class_list":["post-116692","post","type-post","status-publish","format-standard","hentry","category-actualite","category-maroc"],"_links":{"self":[{"href":"https:\/\/linitiative.ca\/International\/wp-json\/wp\/v2\/posts\/116692","targetHints":{"allow":["GET"]}}],"collection":[{"href":"https:\/\/linitiative.ca\/International\/wp-json\/wp\/v2\/posts"}],"about":[{"href":"https:\/\/linitiative.ca\/International\/wp-json\/wp\/v2\/types\/post"}],"author":[{"embeddable":true,"href":"https:\/\/linitiative.ca\/International\/wp-json\/wp\/v2\/users\/1760"}],"replies":[{"embeddable":true,"href":"https:\/\/linitiative.ca\/International\/wp-json\/wp\/v2\/comments?post=116692"}],"version-history":[{"count":0,"href":"https:\/\/linitiative.ca\/International\/wp-json\/wp\/v2\/posts\/116692\/revisions"}],"wp:attachment":[{"href":"https:\/\/linitiative.ca\/International\/wp-json\/wp\/v2\/media?parent=116692"}],"wp:term":[{"taxonomy":"category","embeddable":true,"href":"https:\/\/linitiative.ca\/International\/wp-json\/wp\/v2\/categories?post=116692"},{"taxonomy":"post_tag","embeddable":true,"href":"https:\/\/linitiative.ca\/International\/wp-json\/wp\/v2\/tags?post=116692"}],"curies":[{"name":"wp","href":"https:\/\/api.w.org\/{rel}","templated":true}]}}