{"id":116693,"date":"2021-05-13T13:09:18","date_gmt":"2021-05-13T17:09:18","guid":{"rendered":"https:\/\/linitiative.ca\/International\/reouverture-des-frontieres-le-comite-scientifique-donne-son-aval\/"},"modified":"2021-05-13T13:09:18","modified_gmt":"2021-05-13T17:09:18","slug":"reouverture-des-frontieres-le-comite-scientifique-donne-son-aval","status":"publish","type":"post","link":"https:\/\/linitiative.ca\/International\/reouverture-des-frontieres-le-comite-scientifique-donne-son-aval\/","title":{"rendered":"R\u00e9ouverture des fronti\u00e8res : le comit\u00e9 scientifique donne son aval"},"content":{"rendered":"<div id=\"originalText\" readability=\"61\">\n<p>Le comit\u00e9 scientifique en charge du suivi de la pand\u00e9mie du Covid-19, a \u00e9met un avis favorable concernant la r\u00e9ouverture des fronti\u00e8res du pays, sous condition pour les voyageurs \u00e0 destination de l\u2019Alg\u00e9rie, qu\u2019ils soient nationaux ou \u00e9trangers, d\u2019\u00eatre munis d\u2019un PCR datant de 36h au maximum.<\/p>\n<p>\u00abLes arrivants seront \u00e9galement soumis \u00e0 des tests que nous jugeons utiles. Ceux que nous diagnostiquons positifs seront mis \u00e0 l\u2019isolement dans un h\u00f4tel, \u00e0 leurs frais, pendant une p\u00e9riode de 10 jours\u00a0\u00bb, a annonc\u00e9, ce jeudi, le ministre de la sant\u00e9, Abderrahmane Benbouzid, lors d\u2019une sortie sur le terrain, \u00e0 Alger.<\/p>\n<p>Le ministre a aussi pr\u00e9cis\u00e9 que les voyageurs en provenance de pays enregistrant des taux de contaminations \u00e9lev\u00e9s \u00e0 la covid-19 seront soumis \u00e0 des conditions plus strictes.<\/p>\n<p>Le Pr Benbouzid a soulign\u00e9, enfin, que le comit\u00e9 a vocation \u00e0 \u00e9mettre un avis scientifique et que la d\u00e9cision finale de la r\u00e9ouverture des fronti\u00e8res revient aux autorit\u00e9s comp\u00e9tentes. Aucune date n&rsquo;a \u00e9t\u00e9 encore avanc\u00e9e \u00e0 cet effet.\u00a0<\/p>\n<p class=\"c6\"><strong>R\u00e9daction Web \u00a0\u00a0<\/strong><\/p>\n<\/div>\n<div id=\"text_core\" readability=\"61\">\n<p>Le comit\u00e9 scientifique en charge du suivi de la pand\u00e9mie du Covid-19, a \u00e9met un avis favorable concernant la r\u00e9ouverture des fronti\u00e8res du pays, sous condition pour les voyageurs \u00e0 destination de l\u2019Alg\u00e9rie, qu\u2019ils soient nationaux ou \u00e9trangers, d\u2019\u00eatre munis d\u2019un PCR datant de 36h au maximum.<\/p>\n<p>\u00abLes arrivants seront \u00e9galement soumis \u00e0 des tests que nous jugeons utiles. Ceux que nous diagnostiquons positifs seront mis \u00e0 l\u2019isolement dans un h\u00f4tel, \u00e0 leurs frais, pendant une p\u00e9riode de 10 jours\u00a0\u00bb, a annonc\u00e9, ce jeudi, le ministre de la sant\u00e9, Abderrahmane Benbouzid, lors d\u2019une sortie sur le terrain, \u00e0 Alger.<\/p>\n<p>Le ministre a aussi pr\u00e9cis\u00e9 que les voyageurs en provenance de pays enregistrant des taux de contaminations \u00e9lev\u00e9s \u00e0 la covid-19 seront soumis \u00e0 des conditions plus strictes.<\/p>\n<p>Le Pr Benbouzid a soulign\u00e9, enfin, que le comit\u00e9 a vocation \u00e0 \u00e9mettre un avis scientifique et que la d\u00e9cision finale de la r\u00e9ouverture des fronti\u00e8res revient aux autorit\u00e9s comp\u00e9tentes. Aucune date n&rsquo;a \u00e9t\u00e9 encore avanc\u00e9e \u00e0 cet effet.\u00a0<\/p>\n<p class=\"c6\"><strong>R\u00e9daction Web \u00a0\u00a0<\/strong><\/p>\n<\/div>\n<p>Auteur:<br \/>\n<a href=\"https:\/\/www.liberte-algerie.com\/actualite\/reouverture-des-frontieres-le-comite-scientifique-donne-son-aval-358692\">Cliquez ici pour lire l&rsquo;article depuis sa source.<\/a><\/p>\n","protected":false},"excerpt":{"rendered":"<p>Le comit\u00e9 scientifique en charge du suivi de la pand\u00e9mie du Covid-19, a \u00e9met un avis favorable concernant la r\u00e9ouverture des fronti\u00e8res du pays, sous condition pour les voyageurs \u00e0 destination de l\u2019Alg\u00e9rie, qu\u2019ils soient nationaux ou \u00e9trangers, d\u2019\u00eatre munis d\u2019un PCR datant de 36h au maximum. \u00abLes arrivants seront \u00e9galement soumis \u00e0 des tests [&hellip;]<\/p>\n","protected":false},"author":1742,"featured_media":0,"comment_status":"closed","ping_status":"closed","sticky":false,"template":"","format":"standard","meta":{"fifu_image_url":"","fifu_image_alt":"","footnotes":""},"categories":[73,53],"tags":[],"class_list":["post-116693","post","type-post","status-publish","format-standard","hentry","category-actualite","category-algerie"],"_links":{"self":[{"href":"https:\/\/linitiative.ca\/International\/wp-json\/wp\/v2\/posts\/116693","targetHints":{"allow":["GET"]}}],"collection":[{"href":"https:\/\/linitiative.ca\/International\/wp-json\/wp\/v2\/posts"}],"about":[{"href":"https:\/\/linitiative.ca\/International\/wp-json\/wp\/v2\/types\/post"}],"author":[{"embeddable":true,"href":"https:\/\/linitiative.ca\/International\/wp-json\/wp\/v2\/users\/1742"}],"replies":[{"embeddable":true,"href":"https:\/\/linitiative.ca\/International\/wp-json\/wp\/v2\/comments?post=116693"}],"version-history":[{"count":0,"href":"https:\/\/linitiative.ca\/International\/wp-json\/wp\/v2\/posts\/116693\/revisions"}],"wp:attachment":[{"href":"https:\/\/linitiative.ca\/International\/wp-json\/wp\/v2\/media?parent=116693"}],"wp:term":[{"taxonomy":"category","embeddable":true,"href":"https:\/\/linitiative.ca\/International\/wp-json\/wp\/v2\/categories?post=116693"},{"taxonomy":"post_tag","embeddable":true,"href":"https:\/\/linitiative.ca\/International\/wp-json\/wp\/v2\/tags?post=116693"}],"curies":[{"name":"wp","href":"https:\/\/api.w.org\/{rel}","templated":true}]}}