{"id":116695,"date":"2021-05-13T07:26:11","date_gmt":"2021-05-13T11:26:11","guid":{"rendered":"https:\/\/linitiative.ca\/International\/celebration-de-la-journee-internationale-de-larganier\/"},"modified":"2021-05-13T07:26:11","modified_gmt":"2021-05-13T11:26:11","slug":"celebration-de-la-journee-internationale-de-larganier","status":"publish","type":"post","link":"https:\/\/linitiative.ca\/International\/celebration-de-la-journee-internationale-de-larganier\/","title":{"rendered":"C\u00e9l\u00e9bration de la journ\u00e9e internationale de l\u2019Arganier"},"content":{"rendered":"<div readability=\"36\">\n<p>Marrakech \u2013 Les \u00e9tablissements scolaires relevant de la Direction provinciale de l\u2019\u00e9ducation nationale \u00e0 Marrakech ont organis\u00e9 une s\u00e9rie d\u2019activit\u00e9s pour c\u00e9l\u00e9brer la premi\u00e8re Journ\u00e9e internationale de l\u2019arganier (10 mai), une comm\u00e9moration historique proclam\u00e9e par l\u2019Assembl\u00e9e g\u00e9n\u00e9rale des Nations-Unies pour mettre en valeur cet arbre end\u00e9mique du Maroc et patrimoine culturel immat\u00e9riel de l\u2019humanit\u00e9.<\/p>\n<\/div>\n<div readability=\"82\">\n<p>A cette occasion, il a \u00e9t\u00e9 proc\u00e9d\u00e9 \u00e0 la projection d\u2019un film- documentaire mettant en avant la contribution de l\u2019arganier sur les plans environnemental, social et \u00e9conomique, ainsi que ses bienfaits pour la sant\u00e9 de l\u2019homme et par l\u00e0, l\u2019imp\u00e9ratif majeur de pr\u00e9server et de valoriser cet arbre, qui incarne la richesse de la diversit\u00e9 \u00e9cologique du Maroc.<\/p>\n<p>Dans ce sillage, des \u00e9tablissements scolaires de la cit\u00e9 ocre ont \u00e9galement organis\u00e9 un atelier d\u2019arts plastiques au profit des \u00e9tudiants sous le signe : \u00ab\u00a0L\u2019arganier, symbole d\u2019histoire et de d\u00e9veloppement\u00a0\u00bb, occasion de r\u00e9aliser un ensemble de cr\u00e9ations artistiques et de toiles qui mettent en avant la valeur de l\u2019arganier et son lien ancestral avec le peuple marocain.<\/p>\n<p>La c\u00e9l\u00e9bration de la premi\u00e8re Journ\u00e9e internationale de l\u2019Arganier a \u00e9t\u00e9 \u00e9galement l\u2019opportunit\u00e9 d\u2019appr\u00e9cier les productions et oeuvres des clubs p\u00e9dagogiques relevant de ces \u00e9tablissements scolaires de diff\u00e9rents cycles (primaire, coll\u00e9gial et secondaire).<\/p>\n<p>Dans le cadre de cet \u00e9v\u00e9nement environnemental, le directeur de l\u2019Acad\u00e9mie r\u00e9gionale de l\u2019Education et de la formation (AREF) Marrakech-Safi, M. Moulay Ahmed El Karimi, accompagn\u00e9 notamment, du directeur r\u00e9gional des Eaux et For\u00eats de Marrakech-Safi, s\u2019est rendu lundi au lyc\u00e9e coll\u00e9gial Al-Masira 2 \u00e0 Marrakech.<\/p>\n<p>A cet \u00e9gard, le directeur de l\u2019AREF a pris connaissance des activit\u00e9s p\u00e9dagogiques et environnementales organis\u00e9es \u00e0 l\u2019occasion de cette journ\u00e9e internationale, sous la coordination de la direction provinciale de Marrakech et le soutien de l\u2019Association des parents et tuteurs d\u2019\u00e9l\u00e8ves de cet \u00e9tablissement scolaire.<\/p>\n<p>A noter que les diff\u00e9rentes directions provinciales relevant de l\u2019AREF Marrakech-Safi ont connu une large mobilisation d\u2019acteurs p\u00e9dagogiques, parties prenantes et partenaires, afin de mettre en avant les objectifs de la Journ\u00e9e internationale de l\u2019Arganier et de consacrer et consolider cette culture de fiert\u00e9 de notre patrimoine naturel et culturel.<\/p>\n<p>Cet \u00e9v\u00e9nement a \u00e9t\u00e9 marqu\u00e9 \u00e9galement par la plantation d\u2019arganiers dans l\u2019enceinte des \u00e9tablissements scolaires de la cit\u00e9 ocre, une reconnaissance symbolique de l\u2019importance de cet arbre en tant que patrimoine immat\u00e9riel universel.<\/p>\n<\/div>\n<p>Auteur: Meriem IGASS<br \/>\n<a href=\"http:\/\/www.mapmarrakech.ma\/fr\/celebration-de-la-journee-internationale-de-larganier-2\/\">Cliquez ici pour lire l&rsquo;article depuis sa source.<\/a><\/p>\n","protected":false},"excerpt":{"rendered":"<p>Marrakech \u2013 Les \u00e9tablissements scolaires relevant de la Direction provinciale de l\u2019\u00e9ducation nationale \u00e0 Marrakech ont organis\u00e9 une s\u00e9rie d\u2019activit\u00e9s pour c\u00e9l\u00e9brer la premi\u00e8re Journ\u00e9e internationale de l\u2019arganier (10 mai), une comm\u00e9moration historique proclam\u00e9e par l\u2019Assembl\u00e9e g\u00e9n\u00e9rale des Nations-Unies pour mettre en valeur cet arbre end\u00e9mique du Maroc et patrimoine culturel immat\u00e9riel de l\u2019humanit\u00e9. A [&hellip;]<\/p>\n","protected":false},"author":1788,"featured_media":0,"comment_status":"closed","ping_status":"closed","sticky":false,"template":"","format":"standard","meta":{"fifu_image_url":"","fifu_image_alt":"","footnotes":""},"categories":[54,76],"tags":[],"class_list":["post-116695","post","type-post","status-publish","format-standard","hentry","category-maroc","category-regions"],"_links":{"self":[{"href":"https:\/\/linitiative.ca\/International\/wp-json\/wp\/v2\/posts\/116695","targetHints":{"allow":["GET"]}}],"collection":[{"href":"https:\/\/linitiative.ca\/International\/wp-json\/wp\/v2\/posts"}],"about":[{"href":"https:\/\/linitiative.ca\/International\/wp-json\/wp\/v2\/types\/post"}],"author":[{"embeddable":true,"href":"https:\/\/linitiative.ca\/International\/wp-json\/wp\/v2\/users\/1788"}],"replies":[{"embeddable":true,"href":"https:\/\/linitiative.ca\/International\/wp-json\/wp\/v2\/comments?post=116695"}],"version-history":[{"count":0,"href":"https:\/\/linitiative.ca\/International\/wp-json\/wp\/v2\/posts\/116695\/revisions"}],"wp:attachment":[{"href":"https:\/\/linitiative.ca\/International\/wp-json\/wp\/v2\/media?parent=116695"}],"wp:term":[{"taxonomy":"category","embeddable":true,"href":"https:\/\/linitiative.ca\/International\/wp-json\/wp\/v2\/categories?post=116695"},{"taxonomy":"post_tag","embeddable":true,"href":"https:\/\/linitiative.ca\/International\/wp-json\/wp\/v2\/tags?post=116695"}],"curies":[{"name":"wp","href":"https:\/\/api.w.org\/{rel}","templated":true}]}}